{"id":802,"date":"2019-03-04T13:55:04","date_gmt":"2019-03-04T12:55:04","guid":{"rendered":"https:\/\/hgfhammel.dk\/esport\/?p=802"},"modified":"2019-03-04T14:00:29","modified_gmt":"2019-03-04T13:00:29","slug":"ordinaer-generalforsamling-2019","status":"publish","type":"post","link":"https:\/\/hgfhammel.dk\/basket\/events\/ordinaer-generalforsamling-2019\/","title":{"rendered":"Ordin\u00e6r Generalforsamling 2019"},"content":{"rendered":"<p>[et_pb_section bb_built=&#8221;1&#8243;][et_pb_row][et_pb_column type=&#8221;4_4&#8243;][et_pb_text _builder_version=&#8221;3.19.4&#8243;]<\/p>\n<h1>Ordin\u00e6r Generalforsamling 2019<\/h1>\n<p>Hermed indkaldes til ordin\u00e6r generalforsamling tirsdag den 19. marts kl 19.00 i Loungen i Hammel Idr\u00e6tscenter.<\/p>\n<p>Stemmeberettigede er medlemmer over 16 \u00e5r eller for\u00e6ldre til medlemmer under 16 \u00e5r, som har\u202fv\u00e6ret\u202fmedlem\u202faf\u202f<wbr \/>foreningen\u202fmindst 3\u202fm\u00e5neder\u202fforud\u202ffor\u202f<wbr \/>generalforsamlingen for at have stemmeret.<\/p>\n<p>Dagsorden (jf. vedt\u00e6gternes \u00a7 2.4,\u00a0<a href=\"https:\/\/hgfesport.klub-modul.dk\/cms\/Clubhgfesport\/ClubImages\/Vedtaegter%20for%20Favrskov%20eSport.pdf\" target=\"_blank\" rel=\"noopener\" data-saferedirecturl=\"https:\/\/www.google.com\/url?q=https:\/\/hgfesport.klub-modul.dk\/cms\/Clubhgfesport\/ClubImages\/Vedtaegter%2520for%2520Favrskov%2520eSport.pdf&amp;source=gmail&amp;ust=1551787626739000&amp;usg=AFQjCNHGpXOnT28pyl30oIbp0xIYzC2UaA\">se vedh\u00e6ftet for vores vedt\u00e6gter<\/a>):<\/p>\n<p>1.\u202fValg\u202faf\u202fdirigent\u202fog\u202f<wbr \/>referent.\u202f<br \/>2.\u202f\u00c5rsberetning\u202ffor\u202fafdelingen<wbr \/>.\u202f<br \/>3.\u202fFreml\u00e6ggelse\u202faf\u202fafdelingens<wbr \/>\u202fbudget.\u202f<br \/>4.\u202fValg\u202faf\u202fafdelingsformand\u202f(u<wbr \/>lige\u202f\u00e5r).<br \/>\u00a0 \u00a0\u00a0\u00a0\u00a0\u00a0\u00a0\u00a0\u00a0\u00a0\u00a0\u00a0\u00a0\u00a0P\u00e5 valg: Benny Pr\u00e6stegaard<br \/>5.\u202fValg\u202faf\u202fbestyrelsesmedlemme<wbr \/>r\u202f(lige\u202f\u00e5r).\u202f<br \/>6.\u202fValg\u202faf\u202f2\u202fsuppleanter\u202ffor 1\u202f\u00e5r.\u202f<br \/>7.\u202fIndkomne\u202fforslag.\u202f<br \/>8.\u202fEventuelt.\u202f<\/p>\n<p>Ethvert stemmeberettiget medlem af klubben kan stille op til bestyrelsen. I tilf\u00e6lde af at flere kandidater end det n\u00f8dvendige antal stiller op, vil der blive af holdt afstemning.\u00a0<br \/>\u00d8nsker man at stille op til bestyrelsen, skal dette v\u00e6re bestyrelsen i h\u00e6nde senest 12. marts. Man sender en mail til\u00a0<a href=\"mailto:bp@favrskovesport.dk\" target=\"_blank\" rel=\"noopener\">bp@favrskovesport.dk<\/a><\/p>\n<p>Forslag til dagsordenens punkt 7 modtages p\u00e5 mail til Benny:\u00a0<a href=\"mailto:bp@favrskovesport.dk\" target=\"_blank\" rel=\"noopener\">bp@favrskovesport.dk<\/a>, og skal v\u00e6re ham i h\u00e6nde senest d. 12. marts.<\/p>\n<p>De anliggender, der p\u00e5 generalforsamlingen kr\u00e6ver afstemning, afg\u00f8res ved simpelt stemme- flertal.<\/p>\n<p>Vi opfordrer alle medlemmer og for\u00e6ldre til at m\u00f8de frem, idet generalforsamlingen er en god lejlighed til at komme i dialog med b\u00e5de tr\u00e6nere og bestyrelse.\u00a0<br \/>Vi modtager gerne konstruktive kommentarer, ros og ris.<\/p>\n<p>Venlig hilsen<\/p>\n<p>Bestyrelsen<\/p>\n<p>[\/et_pb_text][\/et_pb_column][\/et_pb_row][\/et_pb_section]<\/p>\n","protected":false},"excerpt":{"rendered":"<div class=\"et_pb_row et_pb_row_0 et_pb_row_empty\"><\/div>\n<p> Ordin\u00e6r Generalforsamling 2019Hermed indkaldes til ordin\u00e6r generalforsamling tirsdag den 19. marts kl 19.00 i Loungen i Hammel Idr\u00e6tscenter.Stemmeberettigede er medlemmer over 16 \u00e5r eller for\u00e6ldre til medlemmer under 16 \u00e5r, som har\u202fv\u00e6ret\u202fmedlem\u202faf\u202fforeningen\u202fmindst 3\u202fm\u00e5neder\u202fforud\u202ffor\u202fgeneralforsamlingen for at have stemmeret.Dagsorden (jf. vedt\u00e6gternes \u00a7 2.4,\u00a0se vedh\u00e6ftet for vores vedt\u00e6gter):1.\u202fValg\u202faf\u202fdirigent\u202fog\u202freferent.\u202f2.\u202f\u00c5rsberetning\u202ffor\u202fafdelingen.\u202f3.\u202fFreml\u00e6ggelse\u202faf\u202fafdelingens\u202fbudget.\u202f4.\u202fValg\u202faf\u202fafdelingsformand\u202f(ulige\u202f\u00e5r).\u00a0 \u00a0\u00a0\u00a0\u00a0\u00a0\u00a0\u00a0\u00a0\u00a0\u00a0\u00a0\u00a0\u00a0P\u00e5 valg: Benny Pr\u00e6stegaard5.\u202fValg\u202faf\u202fbestyrelsesmedlemmer\u202f(lige\u202f\u00e5r).\u202f6.\u202fValg\u202faf\u202f2\u202fsuppleanter\u202ffor 1\u202f\u00e5r.\u202f7.\u202fIndkomne\u202fforslag.\u202f8.\u202fEventuelt.\u202fEthvert stemmeberettiget medlem af klubben [&hellip;]<\/p>\n","protected":false},"author":30,"featured_media":550,"comment_status":"closed","ping_status":"closed","sticky":false,"template":"","format":"standard","meta":{"_et_pb_use_builder":"on","_et_pb_old_content":"","_et_gb_content_width":""},"categories":[12,9],"tags":[],"yoast_head":"<!-- This site is optimized with the Yoast SEO plugin v20.9 - https:\/\/yoast.com\/wordpress\/plugins\/seo\/ -->\n<title>Ordin\u00e6r Generalforsamling 2019 - Basket<\/title>\n<meta name=\"robots\" content=\"index, follow, max-snippet:-1, max-image-preview:large, max-video-preview:-1\" \/>\n<link rel=\"canonical\" href=\"https:\/\/hgfhammel.dk\/basket\/events\/ordinaer-generalforsamling-2019\/\" \/>\n<meta property=\"og:locale\" content=\"da_DK\" \/>\n<meta property=\"og:type\" content=\"article\" \/>\n<meta property=\"og:title\" content=\"Ordin\u00e6r Generalforsamling 2019 - Basket\" \/>\n<meta property=\"og:description\" content=\"Ordin\u00e6r Generalforsamling 2019Hermed indkaldes til ordin\u00e6r generalforsamling tirsdag den 19. marts kl 19.00 i Loungen i Hammel Idr\u00e6tscenter.Stemmeberettigede er medlemmer over 16 \u00e5r eller for\u00e6ldre til medlemmer under 16 \u00e5r, som har\u202fv\u00e6ret\u202fmedlem\u202faf\u202fforeningen\u202fmindst 3\u202fm\u00e5neder\u202fforud\u202ffor\u202fgeneralforsamlingen for at have stemmeret.Dagsorden (jf. vedt\u00e6gternes \u00a7 2.4,\u00a0se vedh\u00e6ftet for vores vedt\u00e6gter):1.\u202fValg\u202faf\u202fdirigent\u202fog\u202freferent.\u202f2.\u202f\u00c5rsberetning\u202ffor\u202fafdelingen.\u202f3.\u202fFreml\u00e6ggelse\u202faf\u202fafdelingens\u202fbudget.\u202f4.\u202fValg\u202faf\u202fafdelingsformand\u202f(ulige\u202f\u00e5r).\u00a0 \u00a0\u00a0\u00a0\u00a0\u00a0\u00a0\u00a0\u00a0\u00a0\u00a0\u00a0\u00a0\u00a0P\u00e5 valg: Benny Pr\u00e6stegaard5.\u202fValg\u202faf\u202fbestyrelsesmedlemmer\u202f(lige\u202f\u00e5r).\u202f6.\u202fValg\u202faf\u202f2\u202fsuppleanter\u202ffor 1\u202f\u00e5r.\u202f7.\u202fIndkomne\u202fforslag.\u202f8.\u202fEventuelt.\u202fEthvert stemmeberettiget medlem af klubben [&hellip;]\" \/>\n<meta property=\"og:url\" content=\"https:\/\/hgfhammel.dk\/basket\/events\/ordinaer-generalforsamling-2019\/\" \/>\n<meta property=\"og:site_name\" content=\"Basket\" \/>\n<meta property=\"article:published_time\" content=\"2019-03-04T12:55:04+00:00\" \/>\n<meta property=\"article:modified_time\" content=\"2019-03-04T13:00:29+00:00\" \/>\n<meta property=\"og:image\" content=\"https:\/\/hgfhammel.dk\/basket\/wp-content\/uploads\/sites\/17\/2018\/10\/Favrskov-esport-underhammelgf-logo-farver-hvidbg.png\" \/>\n\t<meta property=\"og:image:width\" content=\"2000\" \/>\n\t<meta property=\"og:image:height\" content=\"2000\" \/>\n\t<meta property=\"og:image:type\" content=\"image\/png\" \/>\n<meta name=\"author\" content=\"bennypraestegaard\" \/>\n<meta name=\"twitter:card\" content=\"summary_large_image\" \/>\n<meta name=\"twitter:label1\" content=\"Skrevet af\" \/>\n\t<meta name=\"twitter:data1\" content=\"bennypraestegaard\" \/>\n\t<meta name=\"twitter:label2\" content=\"Estimeret l\u00e6setid\" \/>\n\t<meta name=\"twitter:data2\" content=\"1 minut\" \/>\n<!-- \/ Yoast SEO plugin. -->","yoast_head_json":{"title":"Ordin\u00e6r Generalforsamling 2019 - Basket","robots":{"index":"index","follow":"follow","max-snippet":"max-snippet:-1","max-image-preview":"max-image-preview:large","max-video-preview":"max-video-preview:-1"},"canonical":"https:\/\/hgfhammel.dk\/basket\/events\/ordinaer-generalforsamling-2019\/","og_locale":"da_DK","og_type":"article","og_title":"Ordin\u00e6r Generalforsamling 2019 - Basket","og_description":"Ordin\u00e6r Generalforsamling 2019Hermed indkaldes til ordin\u00e6r generalforsamling tirsdag den 19. marts kl 19.00 i Loungen i Hammel Idr\u00e6tscenter.Stemmeberettigede er medlemmer over 16 \u00e5r eller for\u00e6ldre til medlemmer under 16 \u00e5r, som har\u202fv\u00e6ret\u202fmedlem\u202faf\u202fforeningen\u202fmindst 3\u202fm\u00e5neder\u202fforud\u202ffor\u202fgeneralforsamlingen for at have stemmeret.Dagsorden (jf. vedt\u00e6gternes \u00a7 2.4,\u00a0se vedh\u00e6ftet for vores vedt\u00e6gter):1.\u202fValg\u202faf\u202fdirigent\u202fog\u202freferent.\u202f2.\u202f\u00c5rsberetning\u202ffor\u202fafdelingen.\u202f3.\u202fFreml\u00e6ggelse\u202faf\u202fafdelingens\u202fbudget.\u202f4.\u202fValg\u202faf\u202fafdelingsformand\u202f(ulige\u202f\u00e5r).\u00a0 \u00a0\u00a0\u00a0\u00a0\u00a0\u00a0\u00a0\u00a0\u00a0\u00a0\u00a0\u00a0\u00a0P\u00e5 valg: Benny Pr\u00e6stegaard5.\u202fValg\u202faf\u202fbestyrelsesmedlemmer\u202f(lige\u202f\u00e5r).\u202f6.\u202fValg\u202faf\u202f2\u202fsuppleanter\u202ffor 1\u202f\u00e5r.\u202f7.\u202fIndkomne\u202fforslag.\u202f8.\u202fEventuelt.\u202fEthvert stemmeberettiget medlem af klubben [&hellip;]","og_url":"https:\/\/hgfhammel.dk\/basket\/events\/ordinaer-generalforsamling-2019\/","og_site_name":"Basket","article_published_time":"2019-03-04T12:55:04+00:00","article_modified_time":"2019-03-04T13:00:29+00:00","og_image":[{"width":2000,"height":2000,"url":"https:\/\/hgfhammel.dk\/basket\/wp-content\/uploads\/sites\/17\/2018\/10\/Favrskov-esport-underhammelgf-logo-farver-hvidbg.png","type":"image\/png"}],"author":"bennypraestegaard","twitter_card":"summary_large_image","twitter_misc":{"Skrevet af":"bennypraestegaard","Estimeret l\u00e6setid":"1 minut"},"schema":{"@context":"https:\/\/schema.org","@graph":[{"@type":"WebPage","@id":"https:\/\/hgfhammel.dk\/basket\/events\/ordinaer-generalforsamling-2019\/","url":"https:\/\/hgfhammel.dk\/basket\/events\/ordinaer-generalforsamling-2019\/","name":"Ordin\u00e6r Generalforsamling 2019 - Basket","isPartOf":{"@id":"https:\/\/hgfhammel.dk\/basket\/#website"},"datePublished":"2019-03-04T12:55:04+00:00","dateModified":"2019-03-04T13:00:29+00:00","author":{"@id":"https:\/\/hgfhammel.dk\/basket\/#\/schema\/person\/65e68ce8e7ad89619f6a188529a3d6d0"},"breadcrumb":{"@id":"https:\/\/hgfhammel.dk\/basket\/events\/ordinaer-generalforsamling-2019\/#breadcrumb"},"inLanguage":"da-DK","potentialAction":[{"@type":"ReadAction","target":["https:\/\/hgfhammel.dk\/basket\/events\/ordinaer-generalforsamling-2019\/"]}]},{"@type":"BreadcrumbList","@id":"https:\/\/hgfhammel.dk\/basket\/events\/ordinaer-generalforsamling-2019\/#breadcrumb","itemListElement":[{"@type":"ListItem","position":1,"name":"Hjem","item":"https:\/\/hgfhammel.dk\/basket\/"},{"@type":"ListItem","position":2,"name":"Ordin\u00e6r Generalforsamling 2019"}]},{"@type":"WebSite","@id":"https:\/\/hgfhammel.dk\/basket\/#website","url":"https:\/\/hgfhammel.dk\/basket\/","name":"Basket","description":"Basket","potentialAction":[{"@type":"SearchAction","target":{"@type":"EntryPoint","urlTemplate":"https:\/\/hgfhammel.dk\/basket\/?s={search_term_string}"},"query-input":"required name=search_term_string"}],"inLanguage":"da-DK"},{"@type":"Person","@id":"https:\/\/hgfhammel.dk\/basket\/#\/schema\/person\/65e68ce8e7ad89619f6a188529a3d6d0","name":"bennypraestegaard","image":{"@type":"ImageObject","inLanguage":"da-DK","@id":"https:\/\/hgfhammel.dk\/basket\/#\/schema\/person\/image\/","url":"https:\/\/secure.gravatar.com\/avatar\/875de9fe079d998130aa58712a39fb9d?s=96&d=mm&r=g","contentUrl":"https:\/\/secure.gravatar.com\/avatar\/875de9fe079d998130aa58712a39fb9d?s=96&d=mm&r=g","caption":"bennypraestegaard"},"url":"https:\/\/hgfhammel.dk\/basket\/author\/bennypraestegaard\/"}]}},"_links":{"self":[{"href":"https:\/\/hgfhammel.dk\/basket\/wp-json\/wp\/v2\/posts\/802"}],"collection":[{"href":"https:\/\/hgfhammel.dk\/basket\/wp-json\/wp\/v2\/posts"}],"about":[{"href":"https:\/\/hgfhammel.dk\/basket\/wp-json\/wp\/v2\/types\/post"}],"author":[{"embeddable":true,"href":"https:\/\/hgfhammel.dk\/basket\/wp-json\/wp\/v2\/users\/30"}],"replies":[{"embeddable":true,"href":"https:\/\/hgfhammel.dk\/basket\/wp-json\/wp\/v2\/comments?post=802"}],"version-history":[{"count":0,"href":"https:\/\/hgfhammel.dk\/basket\/wp-json\/wp\/v2\/posts\/802\/revisions"}],"wp:featuredmedia":[{"embeddable":true,"href":"https:\/\/hgfhammel.dk\/basket\/wp-json\/wp\/v2\/media\/550"}],"wp:attachment":[{"href":"https:\/\/hgfhammel.dk\/basket\/wp-json\/wp\/v2\/media?parent=802"}],"wp:term":[{"taxonomy":"category","embeddable":true,"href":"https:\/\/hgfhammel.dk\/basket\/wp-json\/wp\/v2\/categories?post=802"},{"taxonomy":"post_tag","embeddable":true,"href":"https:\/\/hgfhammel.dk\/basket\/wp-json\/wp\/v2\/tags?post=802"}],"curies":[{"name":"wp","href":"https:\/\/api.w.org\/{rel}","templated":true}]}}