{"id":2455,"date":"2024-07-14T11:01:16","date_gmt":"2024-07-14T09:01:16","guid":{"rendered":"https:\/\/hgfhammel.dk\/karate\/?p=2455"},"modified":"2024-10-25T14:48:44","modified_gmt":"2024-10-25T12:48:44","slug":"hammel-lejren-2024","status":"publish","type":"post","link":"https:\/\/hgfhammel.dk\/karate\/events\/hammel-lejren-2024\/","title":{"rendered":"Hammel-Lejren 2024"},"content":{"rendered":"<h4><span dir=\"ltr\" role=\"presentation\">Hammel Karate Klub inviterer til tr\u00e6ningslejr<\/span><\/h4>\n<p>&nbsp;<\/p>\n<p><strong><span dir=\"ltr\" role=\"presentation\">Fredag d.25.10.2024 \u2013 s\u00f8ndag d. 27.10.2024<\/span><\/strong><\/p>\n<p><span dir=\"ltr\" role=\"presentation\">Tr\u00e6ningen varetages af nogle af Dansk Wadokais h\u00f8jest graduerede <\/span><span dir=\"ltr\" role=\"presentation\">og fantastiske instrukt\u00f8rer, s\u00e5 I er sikret en undervisning af meget <\/span><span dir=\"ltr\" role=\"presentation\">h\u00f8j kvalitet. <\/span><span dir=\"ltr\" role=\"presentation\">Der vil v\u00e6re en god blanding af teknisk tr\u00e6ning og kamp.<\/span><\/p>\n<p><em><span dir=\"ltr\" role=\"presentation\">Tr\u00e6ningen er for alle, er fyldt 10 \u00e5r og gradueret mindst \u00e9n gang.<\/span><\/em><\/p>\n<p><span dir=\"ltr\" role=\"presentation\">Der vil v\u00e6re forplejning til alle og mulighed for at overnatte <\/span><span dir=\"ltr\" role=\"presentation\">i Hammel Idr\u00e6tscenter.<br \/>\n<\/span><br role=\"presentation\" \/><strong><span dir=\"ltr\" role=\"presentation\">Prisen for lejren er 650,- kr\/person<\/span><\/strong><br role=\"presentation\" \/><strong><span dir=\"ltr\" role=\"presentation\">Tilmelding senest d. 11.10.<\/span><\/strong>\u00a0<span dir=\"ltr\" role=\"presentation\">af hensyn til k\u00f8kkenet, <\/span><span dir=\"ltr\" role=\"presentation\">der ogs\u00e5 gerne vil kende til s\u00e6rlige hensyn, allergier mv.<\/span><\/p>\n<p><span dir=\"ltr\" role=\"presentation\">Bel\u00f8b kan overf\u00f8res p\u00e5 konto Reg.nr 3647 konto 3647537715 <\/span><span dir=\"ltr\" role=\"presentation\">eller mobilepay 26730 (HGF Karate) M\u00e6rk betalingen med<\/span><span dir=\"ltr\" role=\"presentation\"> Lejr + For- og efternavn<\/span><\/p>\n<p><span dir=\"ltr\" role=\"presentation\">Der skal betales ved tilmelding.<\/span><\/p>\n<p><span dir=\"ltr\" role=\"presentation\">Klubber bedes sende en samlet oversigt over deltagerne, <\/span><span dir=\"ltr\" role=\"presentation\">indeholdende antal i hver b\u00e6ltegrad og s\u00e6rlige behov vedr maden. <\/span><span dir=\"ltr\" role=\"presentation\">Listen sendes til hammelkarate@gmail.com<br \/>\nArk til klubtilmelding kan downloades <a href=\"https:\/\/hgfhammel.dk\/karate\/wp-content\/uploads\/sites\/15\/2024\/07\/Hammel-Lejren-klubtilmelding.xlsx\" target=\"_blank\" rel=\"noopener\">her<\/a><\/span><\/p>\n<p><strong>Til tr\u00e6ningerne skal I huske gi, b\u00e6lte, kamphandsker, tandbeskytter og benskinner (hvis man har)<\/strong><\/p>\n<p><span dir=\"ltr\" role=\"presentation\">Vi ser frem til en masse god tr\u00e6ning og en masse hyggelige timer.<\/span><\/p>\n<h3>Tilmelding <em><a href=\"https:\/\/forms.gle\/pFQAVecq1V3FyQE5A\" target=\"_blank\" rel=\"noopener\"><span style=\"text-decoration: underline;\">her<\/span><\/a><\/em><\/h3>\n<p><strong><br \/>\nForel\u00f8bigt program:<\/strong><\/p>\n<p><em>Fredag<\/em><br \/>\n16.00 Flexrum 1+2 er \u00e5bent for indlogering + Arenaen \u00e5bner<br \/>\n18.00 &#8211; 20.00 Tr\u00e6ningspas 1<br \/>\n20.30 Aftensmad<br \/>\n23.00 Lyset slukker<\/p>\n<p><em>L\u00f8rdag<\/em><br \/>\n8.00 &#8211; 9.00 Morgenmad<br \/>\n10.00 &#8211; 12.30 Tr\u00e6ningspas 2<br \/>\n12.30 &#8211; 13.30 Frokost<br \/>\n13.30 &#8211; 16.00 Tr\u00e6ningspas 3<br \/>\n16.30 &#8211; 18.00 Tr\u00e6ningspas 4<br \/>\n18.30 Aftensmad<br \/>\n23.00 Lyset slukker<\/p>\n<p><em>S\u00f8ndag <\/em><br \/>\n8.00 &#8211; 9.00 Morgenmad<br \/>\n10.00 &#8211; 12.00 Tr\u00e6ningspas 4<br \/>\n12.00 Lejren rundes af<br \/>\n12.15 Frokost kan afhentes i cafeteriet for der har bestilt ved tilmelding.<\/p>\n<p>Tak for denne gang<\/p>\n","protected":false},"excerpt":{"rendered":"<p>Hammel Karate Klub inviterer til tr\u00e6ningslejr &nbsp; Fredag d.25.10.2024 \u2013 s\u00f8ndag d. 27.10.2024 Tr\u00e6ningen varetages af nogle af Dansk Wadokais h\u00f8jest graduerede og fantastiske instrukt\u00f8rer, s\u00e5 I er sikret en undervisning af meget h\u00f8j kvalitet. Der vil v\u00e6re en god blanding af teknisk tr\u00e6ning og kamp. Tr\u00e6ningen er for alle, er fyldt 10 \u00e5r og [&hellip;]<\/p>\n","protected":false},"author":17,"featured_media":1021,"comment_status":"closed","ping_status":"closed","sticky":false,"template":"","format":"standard","meta":{"_et_pb_use_builder":"","_et_pb_old_content":"","_et_gb_content_width":""},"categories":[12,9],"tags":[],"yoast_head":"<!-- This site is optimized with the Yoast SEO plugin v20.9 - https:\/\/yoast.com\/wordpress\/plugins\/seo\/ -->\n<title>Hammel-Lejren 2024 - Karate<\/title>\n<meta name=\"robots\" content=\"index, follow, max-snippet:-1, max-image-preview:large, max-video-preview:-1\" \/>\n<link rel=\"canonical\" href=\"https:\/\/hgfhammel.dk\/karate\/events\/hammel-lejren-2024\/\" \/>\n<meta property=\"og:locale\" content=\"da_DK\" \/>\n<meta property=\"og:type\" content=\"article\" \/>\n<meta property=\"og:title\" content=\"Hammel-Lejren 2024 - Karate\" \/>\n<meta property=\"og:description\" content=\"Hammel Karate Klub inviterer til tr\u00e6ningslejr &nbsp; Fredag d.25.10.2024 \u2013 s\u00f8ndag d. 27.10.2024 Tr\u00e6ningen varetages af nogle af Dansk Wadokais h\u00f8jest graduerede og fantastiske instrukt\u00f8rer, s\u00e5 I er sikret en undervisning af meget h\u00f8j kvalitet. Der vil v\u00e6re en god blanding af teknisk tr\u00e6ning og kamp. Tr\u00e6ningen er for alle, er fyldt 10 \u00e5r og [&hellip;]\" \/>\n<meta property=\"og:url\" content=\"https:\/\/hgfhammel.dk\/karate\/events\/hammel-lejren-2024\/\" \/>\n<meta property=\"og:site_name\" content=\"Karate\" \/>\n<meta property=\"article:publisher\" content=\"https:\/\/www.facebook.com\/HammelKarate\/\" \/>\n<meta property=\"article:published_time\" content=\"2024-07-14T09:01:16+00:00\" \/>\n<meta property=\"article:modified_time\" content=\"2024-10-25T12:48:44+00:00\" \/>\n<meta property=\"og:image\" content=\"https:\/\/hgfhammel.dk\/karate\/wp-content\/uploads\/sites\/15\/2018\/12\/Forside-top-1.png\" \/>\n\t<meta property=\"og:image:width\" content=\"1572\" \/>\n\t<meta property=\"og:image:height\" content=\"359\" \/>\n\t<meta property=\"og:image:type\" content=\"image\/png\" \/>\n<meta name=\"author\" content=\"Henriette Koch\" \/>\n<meta name=\"twitter:card\" content=\"summary_large_image\" \/>\n<meta name=\"twitter:label1\" content=\"Skrevet af\" \/>\n\t<meta name=\"twitter:data1\" content=\"Henriette Koch\" \/>\n\t<meta name=\"twitter:label2\" content=\"Estimeret l\u00e6setid\" \/>\n\t<meta name=\"twitter:data2\" content=\"2 minutter\" \/>\n<!-- \/ Yoast SEO plugin. -->","yoast_head_json":{"title":"Hammel-Lejren 2024 - Karate","robots":{"index":"index","follow":"follow","max-snippet":"max-snippet:-1","max-image-preview":"max-image-preview:large","max-video-preview":"max-video-preview:-1"},"canonical":"https:\/\/hgfhammel.dk\/karate\/events\/hammel-lejren-2024\/","og_locale":"da_DK","og_type":"article","og_title":"Hammel-Lejren 2024 - Karate","og_description":"Hammel Karate Klub inviterer til tr\u00e6ningslejr &nbsp; Fredag d.25.10.2024 \u2013 s\u00f8ndag d. 27.10.2024 Tr\u00e6ningen varetages af nogle af Dansk Wadokais h\u00f8jest graduerede og fantastiske instrukt\u00f8rer, s\u00e5 I er sikret en undervisning af meget h\u00f8j kvalitet. Der vil v\u00e6re en god blanding af teknisk tr\u00e6ning og kamp. Tr\u00e6ningen er for alle, er fyldt 10 \u00e5r og [&hellip;]","og_url":"https:\/\/hgfhammel.dk\/karate\/events\/hammel-lejren-2024\/","og_site_name":"Karate","article_publisher":"https:\/\/www.facebook.com\/HammelKarate\/","article_published_time":"2024-07-14T09:01:16+00:00","article_modified_time":"2024-10-25T12:48:44+00:00","og_image":[{"width":1572,"height":359,"url":"https:\/\/hgfhammel.dk\/karate\/wp-content\/uploads\/sites\/15\/2018\/12\/Forside-top-1.png","type":"image\/png"}],"author":"Henriette Koch","twitter_card":"summary_large_image","twitter_misc":{"Skrevet af":"Henriette Koch","Estimeret l\u00e6setid":"2 minutter"},"schema":{"@context":"https:\/\/schema.org","@graph":[{"@type":"Article","@id":"https:\/\/hgfhammel.dk\/karate\/events\/hammel-lejren-2024\/#article","isPartOf":{"@id":"https:\/\/hgfhammel.dk\/karate\/events\/hammel-lejren-2024\/"},"author":{"name":"Henriette Koch","@id":"https:\/\/hgfhammel.dk\/karate\/#\/schema\/person\/98493d59537424c20266a5089ebbdee3"},"headline":"Hammel-Lejren 2024","datePublished":"2024-07-14T09:01:16+00:00","dateModified":"2024-10-25T12:48:44+00:00","mainEntityOfPage":{"@id":"https:\/\/hgfhammel.dk\/karate\/events\/hammel-lejren-2024\/"},"wordCount":259,"publisher":{"@id":"https:\/\/hgfhammel.dk\/karate\/#organization"},"articleSection":["Events","Nyheder"],"inLanguage":"da-DK"},{"@type":"WebPage","@id":"https:\/\/hgfhammel.dk\/karate\/events\/hammel-lejren-2024\/","url":"https:\/\/hgfhammel.dk\/karate\/events\/hammel-lejren-2024\/","name":"Hammel-Lejren 2024 - Karate","isPartOf":{"@id":"https:\/\/hgfhammel.dk\/karate\/#website"},"datePublished":"2024-07-14T09:01:16+00:00","dateModified":"2024-10-25T12:48:44+00:00","breadcrumb":{"@id":"https:\/\/hgfhammel.dk\/karate\/events\/hammel-lejren-2024\/#breadcrumb"},"inLanguage":"da-DK","potentialAction":[{"@type":"ReadAction","target":["https:\/\/hgfhammel.dk\/karate\/events\/hammel-lejren-2024\/"]}]},{"@type":"BreadcrumbList","@id":"https:\/\/hgfhammel.dk\/karate\/events\/hammel-lejren-2024\/#breadcrumb","itemListElement":[{"@type":"ListItem","position":1,"name":"Hjem","item":"https:\/\/hgfhammel.dk\/karate\/"},{"@type":"ListItem","position":2,"name":"Hammel-Lejren 2024"}]},{"@type":"WebSite","@id":"https:\/\/hgfhammel.dk\/karate\/#website","url":"https:\/\/hgfhammel.dk\/karate\/","name":"Hammel Karate","description":"Karate","publisher":{"@id":"https:\/\/hgfhammel.dk\/karate\/#organization"},"potentialAction":[{"@type":"SearchAction","target":{"@type":"EntryPoint","urlTemplate":"https:\/\/hgfhammel.dk\/karate\/?s={search_term_string}"},"query-input":"required name=search_term_string"}],"inLanguage":"da-DK"},{"@type":"Organization","@id":"https:\/\/hgfhammel.dk\/karate\/#organization","name":"Hammel Karate Klub","url":"https:\/\/hgfhammel.dk\/karate\/","logo":{"@type":"ImageObject","inLanguage":"da-DK","@id":"https:\/\/hgfhammel.dk\/karate\/#\/schema\/logo\/image\/","url":"https:\/\/hgfhammel.dk\/karate\/wp-content\/uploads\/sites\/15\/2018\/09\/hammelkarate-dansk-wadokai_logo.png","contentUrl":"https:\/\/hgfhammel.dk\/karate\/wp-content\/uploads\/sites\/15\/2018\/09\/hammelkarate-dansk-wadokai_logo.png","width":200,"height":200,"caption":"Hammel Karate Klub"},"image":{"@id":"https:\/\/hgfhammel.dk\/karate\/#\/schema\/logo\/image\/"},"sameAs":["https:\/\/www.facebook.com\/HammelKarate\/"]},{"@type":"Person","@id":"https:\/\/hgfhammel.dk\/karate\/#\/schema\/person\/98493d59537424c20266a5089ebbdee3","name":"Henriette Koch","image":{"@type":"ImageObject","inLanguage":"da-DK","@id":"https:\/\/hgfhammel.dk\/karate\/#\/schema\/person\/image\/","url":"https:\/\/secure.gravatar.com\/avatar\/4ca4a7e46ac1d1161702a59afdfe5f3f?s=96&d=mm&r=g","contentUrl":"https:\/\/secure.gravatar.com\/avatar\/4ca4a7e46ac1d1161702a59afdfe5f3f?s=96&d=mm&r=g","caption":"Henriette Koch"},"url":"https:\/\/hgfhammel.dk\/karate\/author\/henriettekoch\/"}]}},"_links":{"self":[{"href":"https:\/\/hgfhammel.dk\/karate\/wp-json\/wp\/v2\/posts\/2455"}],"collection":[{"href":"https:\/\/hgfhammel.dk\/karate\/wp-json\/wp\/v2\/posts"}],"about":[{"href":"https:\/\/hgfhammel.dk\/karate\/wp-json\/wp\/v2\/types\/post"}],"author":[{"embeddable":true,"href":"https:\/\/hgfhammel.dk\/karate\/wp-json\/wp\/v2\/users\/17"}],"replies":[{"embeddable":true,"href":"https:\/\/hgfhammel.dk\/karate\/wp-json\/wp\/v2\/comments?post=2455"}],"version-history":[{"count":13,"href":"https:\/\/hgfhammel.dk\/karate\/wp-json\/wp\/v2\/posts\/2455\/revisions"}],"predecessor-version":[{"id":2484,"href":"https:\/\/hgfhammel.dk\/karate\/wp-json\/wp\/v2\/posts\/2455\/revisions\/2484"}],"wp:featuredmedia":[{"embeddable":true,"href":"https:\/\/hgfhammel.dk\/karate\/wp-json\/wp\/v2\/media\/1021"}],"wp:attachment":[{"href":"https:\/\/hgfhammel.dk\/karate\/wp-json\/wp\/v2\/media?parent=2455"}],"wp:term":[{"taxonomy":"category","embeddable":true,"href":"https:\/\/hgfhammel.dk\/karate\/wp-json\/wp\/v2\/categories?post=2455"},{"taxonomy":"post_tag","embeddable":true,"href":"https:\/\/hgfhammel.dk\/karate\/wp-json\/wp\/v2\/tags?post=2455"}],"curies":[{"name":"wp","href":"https:\/\/api.w.org\/{rel}","templated":true}]}}