{"id":2598,"date":"2025-08-28T18:11:03","date_gmt":"2025-08-28T16:11:03","guid":{"rendered":"https:\/\/hgfhammel.dk\/karate\/?p=2598"},"modified":"2025-08-28T18:21:41","modified_gmt":"2025-08-28T16:21:41","slug":"invitation-40-aars-jubilaeum","status":"publish","type":"post","link":"https:\/\/hgfhammel.dk\/karate\/events\/invitation-40-aars-jubilaeum\/","title":{"rendered":"INVITATION 40 \u00e5rs jubil\u00e6um"},"content":{"rendered":"<p>D. 14. august 1985 \u00e5bnede Hammel Karateklub for f\u00f8rste gang for tr\u00e6ning p\u00e5 S\u00f8ndervangsskolen i Hammel.<\/p>\n<p><b>Vi fejrer det l\u00f8rdag d. 13. september 2025 kl. 18.30 p\u00e5 King Buffet, Borgergade 67, 8600\u00a0 Silkeborg.<br \/>\nVi vil gerne se nuv\u00e6rende medlemmer, gamle medlemmer og venner af klubben fra b\u00e5de ind- og udland.<\/b><\/p>\n<p>Man betaler for selve buffeten ved tilmelding p\u00e5 mobilepay 26730 (Hammel GF Karate).<\/p>\n<p>Man m\u00e5 gerne tage familiemedlemmer med.<br \/>\nTilmeldingen er bindende.<\/p>\n<p>Prisen for buffet pr person er 238,- kr.<br \/>\nBetalende medlemmer skal betale 138,- kr. (Klubben giver 100 kr. i rabat &#8211; g\u00e6lder ikke familie)<\/p>\n<p>P\u00e5 selve dagen skal man s\u00e5 bare afregne sine egne drikkevarer.<\/p>\n<p>Sidste frist for tilmelding er torsdag d. 4. september 2025.<\/p>\n<p><strong>Tilmeldings link:<\/strong><br \/>\n<strong><a id=\"ow77\" href=\"https:\/\/forms.gle\/uMAwCLYwfua9Jtfy5?fbclid=IwZXh0bgNhZW0CMTAAYnJpZBEwZWxMVmZUdXZVOG1SM05iSAEe77AZBQ_5trv7UMjwq8zFV8_Tb7ILBO_ttyl0S6K-q8IfIa0eFN6KSLmaXNo_aem_MbcIjN826k8N5Udoc9QL-w\" target=\"_blank\" rel=\"noopener\">https:\/\/forms.gle\/uMAwCLYwfua9Jtfy5<\/a><\/strong><\/p>\n<p>Vi h\u00e5ber, I vil finde nogle historier frem i hukommelsen og dele dem med os andre i l\u00f8bet af aftenen.<br \/>\nHar du historier at fort\u00e6lle, et indslag eller en tale du gerne vil holde, som giv os besked p\u00e5\u00a0<a href=\"mailto:hammelkarate@gmail.com\">hammelkarate@gmail.com<\/a>, med Indslag i emnefeltet, s\u00e5 kommer du p\u00e5 vores talerliste.<\/p>\n<p>Har du billeder, avisudklip eller andet klubrelateret i dine gemmer, som gerne m\u00e5 k\u00f8re p\u00e5 en sk\u00e6rm i baggrunden, s\u00e5 send dem til samme mail med billeder.<\/p>\n<p>Hvis der er sp\u00f8rgsm\u00e5l vedr ovenst\u00e5ende, s\u00e5 kontakt Henriette &#8211; henriette.hammelkarate@gmail.com<\/p>\n<p>Vi gl\u00e6der os til at ser jer.<\/p>\n<p>Link til King Buffet: <a href=\"https:\/\/kingbuffet.dk\/king-buffet\/\" target=\"_blank\" rel=\"noopener\">https:\/\/kingbuffet.dk\/king-buffet\/<\/a><\/p>\n<p>Buffeten indeholder:<\/p>\n<p><b>Peking Suppe<br \/>\n<i>(m.\u00a0<\/i><\/b><i>andek\u00f8d, \u00e6g og forskellige gr\u00f8ntsager)<\/i><\/p>\n<p>&nbsp;<\/p>\n<p><b>K\u00e6mpe Japansk Sushi BAR<\/b><br \/>\nNigiri \u2013 Insideout \u2013 Futomaki \u2013 Kaburi maki \u2013 Vegetar maki<\/p>\n<p><b>Kinesisk<br \/>\n<\/b>Alle de kinesiske retter, som King Buffet er kendt for at lave i god kvalitet.<\/p>\n<p><b>Mongolsk BBQ og\u00a0Grill<br \/>\n<\/b>4 forskellige slags k\u00f8d \u2013 flere forskellige saucer \u2013 flere forskellige gr\u00f8ntsager<br \/>\nRib Eye, k\u00e6mpe gr\u00f8nskalmuslinger og rejer<\/p>\n<p><b>Hertil Stor salatbar<br \/>\n<\/b>Masse forskellige varianter i salatbaren<br \/>\nForskellige Friske frugter,<\/p>\n<p><b>Dessert<br \/>\n<\/b>Is\/softice\u00a0m. masse kvalitets toppings<br \/>\nForskellige slags kage<br \/>\nFrisk brygget hel b\u00f8nner Kaffe, Te og Kakao<\/p>\n","protected":false},"excerpt":{"rendered":"<p>D. 14. august 1985 \u00e5bnede Hammel Karateklub for f\u00f8rste gang for tr\u00e6ning p\u00e5 S\u00f8ndervangsskolen i Hammel. Vi fejrer det l\u00f8rdag d. 13. september 2025 kl. 18.30 p\u00e5 King Buffet, Borgergade 67, 8600\u00a0 Silkeborg. Vi vil gerne se nuv\u00e6rende medlemmer, gamle medlemmer og venner af klubben fra b\u00e5de ind- og udland. Man betaler for selve buffeten [&hellip;]<\/p>\n","protected":false},"author":17,"featured_media":2599,"comment_status":"closed","ping_status":"closed","sticky":false,"template":"","format":"standard","meta":{"_et_pb_use_builder":"","_et_pb_old_content":"","_et_gb_content_width":""},"categories":[12],"tags":[40,36,35,41,37,39,38],"yoast_head":"<!-- This site is optimized with the Yoast SEO plugin v20.9 - https:\/\/yoast.com\/wordpress\/plugins\/seo\/ -->\n<title>INVITATION 40 \u00e5rs jubil\u00e6um - Karate<\/title>\n<meta name=\"robots\" content=\"index, follow, max-snippet:-1, max-image-preview:large, max-video-preview:-1\" \/>\n<link rel=\"canonical\" href=\"https:\/\/hgfhammel.dk\/karate\/events\/invitation-40-aars-jubilaeum\/\" \/>\n<meta property=\"og:locale\" content=\"da_DK\" \/>\n<meta property=\"og:type\" content=\"article\" \/>\n<meta property=\"og:title\" content=\"INVITATION 40 \u00e5rs jubil\u00e6um - Karate\" \/>\n<meta property=\"og:description\" content=\"D. 14. august 1985 \u00e5bnede Hammel Karateklub for f\u00f8rste gang for tr\u00e6ning p\u00e5 S\u00f8ndervangsskolen i Hammel. Vi fejrer det l\u00f8rdag d. 13. september 2025 kl. 18.30 p\u00e5 King Buffet, Borgergade 67, 8600\u00a0 Silkeborg. Vi vil gerne se nuv\u00e6rende medlemmer, gamle medlemmer og venner af klubben fra b\u00e5de ind- og udland. Man betaler for selve buffeten [&hellip;]\" \/>\n<meta property=\"og:url\" content=\"https:\/\/hgfhammel.dk\/karate\/events\/invitation-40-aars-jubilaeum\/\" \/>\n<meta property=\"og:site_name\" content=\"Karate\" \/>\n<meta property=\"article:publisher\" content=\"https:\/\/www.facebook.com\/HammelKarate\/\" \/>\n<meta property=\"article:published_time\" content=\"2025-08-28T16:11:03+00:00\" \/>\n<meta property=\"article:modified_time\" content=\"2025-08-28T16:21:41+00:00\" \/>\n<meta property=\"og:image\" content=\"https:\/\/hgfhammel.dk\/karate\/wp-content\/uploads\/sites\/15\/2025\/08\/HKK-40.jpg\" \/>\n\t<meta property=\"og:image:width\" content=\"1440\" \/>\n\t<meta property=\"og:image:height\" content=\"1080\" \/>\n\t<meta property=\"og:image:type\" content=\"image\/jpeg\" \/>\n<meta name=\"author\" content=\"Henriette Koch\" \/>\n<meta name=\"twitter:card\" content=\"summary_large_image\" \/>\n<meta name=\"twitter:label1\" content=\"Skrevet af\" \/>\n\t<meta name=\"twitter:data1\" content=\"Henriette Koch\" \/>\n\t<meta name=\"twitter:label2\" content=\"Estimeret l\u00e6setid\" \/>\n\t<meta name=\"twitter:data2\" content=\"2 minutter\" \/>\n<!-- \/ Yoast SEO plugin. -->","yoast_head_json":{"title":"INVITATION 40 \u00e5rs jubil\u00e6um - Karate","robots":{"index":"index","follow":"follow","max-snippet":"max-snippet:-1","max-image-preview":"max-image-preview:large","max-video-preview":"max-video-preview:-1"},"canonical":"https:\/\/hgfhammel.dk\/karate\/events\/invitation-40-aars-jubilaeum\/","og_locale":"da_DK","og_type":"article","og_title":"INVITATION 40 \u00e5rs jubil\u00e6um - Karate","og_description":"D. 14. august 1985 \u00e5bnede Hammel Karateklub for f\u00f8rste gang for tr\u00e6ning p\u00e5 S\u00f8ndervangsskolen i Hammel. Vi fejrer det l\u00f8rdag d. 13. september 2025 kl. 18.30 p\u00e5 King Buffet, Borgergade 67, 8600\u00a0 Silkeborg. Vi vil gerne se nuv\u00e6rende medlemmer, gamle medlemmer og venner af klubben fra b\u00e5de ind- og udland. Man betaler for selve buffeten [&hellip;]","og_url":"https:\/\/hgfhammel.dk\/karate\/events\/invitation-40-aars-jubilaeum\/","og_site_name":"Karate","article_publisher":"https:\/\/www.facebook.com\/HammelKarate\/","article_published_time":"2025-08-28T16:11:03+00:00","article_modified_time":"2025-08-28T16:21:41+00:00","og_image":[{"width":1440,"height":1080,"url":"https:\/\/hgfhammel.dk\/karate\/wp-content\/uploads\/sites\/15\/2025\/08\/HKK-40.jpg","type":"image\/jpeg"}],"author":"Henriette Koch","twitter_card":"summary_large_image","twitter_misc":{"Skrevet af":"Henriette Koch","Estimeret l\u00e6setid":"2 minutter"},"schema":{"@context":"https:\/\/schema.org","@graph":[{"@type":"Article","@id":"https:\/\/hgfhammel.dk\/karate\/events\/invitation-40-aars-jubilaeum\/#article","isPartOf":{"@id":"https:\/\/hgfhammel.dk\/karate\/events\/invitation-40-aars-jubilaeum\/"},"author":{"name":"Henriette Koch","@id":"https:\/\/hgfhammel.dk\/karate\/#\/schema\/person\/98493d59537424c20266a5089ebbdee3"},"headline":"INVITATION 40 \u00e5rs jubil\u00e6um","datePublished":"2025-08-28T16:11:03+00:00","dateModified":"2025-08-28T16:21:41+00:00","mainEntityOfPage":{"@id":"https:\/\/hgfhammel.dk\/karate\/events\/invitation-40-aars-jubilaeum\/"},"wordCount":335,"publisher":{"@id":"https:\/\/hgfhammel.dk\/karate\/#organization"},"keywords":["40\u00e5r","Hammel Karate","HKK","jubil\u00e6um","Wado","wadokai","wadoryu"],"articleSection":["Events"],"inLanguage":"da-DK"},{"@type":"WebPage","@id":"https:\/\/hgfhammel.dk\/karate\/events\/invitation-40-aars-jubilaeum\/","url":"https:\/\/hgfhammel.dk\/karate\/events\/invitation-40-aars-jubilaeum\/","name":"INVITATION 40 \u00e5rs jubil\u00e6um - Karate","isPartOf":{"@id":"https:\/\/hgfhammel.dk\/karate\/#website"},"datePublished":"2025-08-28T16:11:03+00:00","dateModified":"2025-08-28T16:21:41+00:00","breadcrumb":{"@id":"https:\/\/hgfhammel.dk\/karate\/events\/invitation-40-aars-jubilaeum\/#breadcrumb"},"inLanguage":"da-DK","potentialAction":[{"@type":"ReadAction","target":["https:\/\/hgfhammel.dk\/karate\/events\/invitation-40-aars-jubilaeum\/"]}]},{"@type":"BreadcrumbList","@id":"https:\/\/hgfhammel.dk\/karate\/events\/invitation-40-aars-jubilaeum\/#breadcrumb","itemListElement":[{"@type":"ListItem","position":1,"name":"Hjem","item":"https:\/\/hgfhammel.dk\/karate\/"},{"@type":"ListItem","position":2,"name":"INVITATION 40 \u00e5rs jubil\u00e6um"}]},{"@type":"WebSite","@id":"https:\/\/hgfhammel.dk\/karate\/#website","url":"https:\/\/hgfhammel.dk\/karate\/","name":"Hammel Karate","description":"Karate","publisher":{"@id":"https:\/\/hgfhammel.dk\/karate\/#organization"},"potentialAction":[{"@type":"SearchAction","target":{"@type":"EntryPoint","urlTemplate":"https:\/\/hgfhammel.dk\/karate\/?s={search_term_string}"},"query-input":"required name=search_term_string"}],"inLanguage":"da-DK"},{"@type":"Organization","@id":"https:\/\/hgfhammel.dk\/karate\/#organization","name":"Hammel Karate Klub","url":"https:\/\/hgfhammel.dk\/karate\/","logo":{"@type":"ImageObject","inLanguage":"da-DK","@id":"https:\/\/hgfhammel.dk\/karate\/#\/schema\/logo\/image\/","url":"https:\/\/hgfhammel.dk\/karate\/wp-content\/uploads\/sites\/15\/2018\/09\/hammelkarate-dansk-wadokai_logo.png","contentUrl":"https:\/\/hgfhammel.dk\/karate\/wp-content\/uploads\/sites\/15\/2018\/09\/hammelkarate-dansk-wadokai_logo.png","width":200,"height":200,"caption":"Hammel Karate Klub"},"image":{"@id":"https:\/\/hgfhammel.dk\/karate\/#\/schema\/logo\/image\/"},"sameAs":["https:\/\/www.facebook.com\/HammelKarate\/"]},{"@type":"Person","@id":"https:\/\/hgfhammel.dk\/karate\/#\/schema\/person\/98493d59537424c20266a5089ebbdee3","name":"Henriette Koch","image":{"@type":"ImageObject","inLanguage":"da-DK","@id":"https:\/\/hgfhammel.dk\/karate\/#\/schema\/person\/image\/","url":"https:\/\/secure.gravatar.com\/avatar\/4ca4a7e46ac1d1161702a59afdfe5f3f?s=96&d=mm&r=g","contentUrl":"https:\/\/secure.gravatar.com\/avatar\/4ca4a7e46ac1d1161702a59afdfe5f3f?s=96&d=mm&r=g","caption":"Henriette Koch"},"url":"https:\/\/hgfhammel.dk\/karate\/author\/henriettekoch\/"}]}},"_links":{"self":[{"href":"https:\/\/hgfhammel.dk\/karate\/wp-json\/wp\/v2\/posts\/2598"}],"collection":[{"href":"https:\/\/hgfhammel.dk\/karate\/wp-json\/wp\/v2\/posts"}],"about":[{"href":"https:\/\/hgfhammel.dk\/karate\/wp-json\/wp\/v2\/types\/post"}],"author":[{"embeddable":true,"href":"https:\/\/hgfhammel.dk\/karate\/wp-json\/wp\/v2\/users\/17"}],"replies":[{"embeddable":true,"href":"https:\/\/hgfhammel.dk\/karate\/wp-json\/wp\/v2\/comments?post=2598"}],"version-history":[{"count":2,"href":"https:\/\/hgfhammel.dk\/karate\/wp-json\/wp\/v2\/posts\/2598\/revisions"}],"predecessor-version":[{"id":2601,"href":"https:\/\/hgfhammel.dk\/karate\/wp-json\/wp\/v2\/posts\/2598\/revisions\/2601"}],"wp:featuredmedia":[{"embeddable":true,"href":"https:\/\/hgfhammel.dk\/karate\/wp-json\/wp\/v2\/media\/2599"}],"wp:attachment":[{"href":"https:\/\/hgfhammel.dk\/karate\/wp-json\/wp\/v2\/media?parent=2598"}],"wp:term":[{"taxonomy":"category","embeddable":true,"href":"https:\/\/hgfhammel.dk\/karate\/wp-json\/wp\/v2\/categories?post=2598"},{"taxonomy":"post_tag","embeddable":true,"href":"https:\/\/hgfhammel.dk\/karate\/wp-json\/wp\/v2\/tags?post=2598"}],"curies":[{"name":"wp","href":"https:\/\/api.w.org\/{rel}","templated":true}]}}