{"id":2607,"date":"2025-09-28T18:34:25","date_gmt":"2025-09-28T16:34:25","guid":{"rendered":"https:\/\/hgfhammel.dk\/karate\/?p=2607"},"modified":"2025-09-28T18:35:03","modified_gmt":"2025-09-28T16:35:03","slug":"silkeborg-lejren-2025","status":"publish","type":"post","link":"https:\/\/hgfhammel.dk\/karate\/events\/silkeborg-lejren-2025\/","title":{"rendered":"Silkeborg Lejren 2025"},"content":{"rendered":"<h3>Silkeborg Karateklub afholder en lejr i Them Hallerne.<\/h3>\n<div>\n<p>Lejren er for <u><strong>alle<\/strong><\/u>\u00a0klubbens medlemmer, og det er en enest\u00e5ende chance for at f\u00e5 en tr\u00e6net en masse karate og m\u00f8de karateud\u00f8vere fra de andre hold i klubben samt fra andre Wado klubber.<\/p>\n<p>Silkeborg Karateklub gl\u00e6der sig til at byde dig velkommen til \u00e5rets karatelejr, hvor vi sammen vil dykke ned i det fantastiske univers af Wado-ryu karate!<br \/>\nDenne lejr kan du l\u00e6re noget fra nogle af de bedste danske Wado-ryu instrukt\u00f8rer.<\/p>\n<p>Vi vil blandt andet fokusere p\u00e5:<br \/>\n\u2022 Kata: L\u00e6r nogle af de konkurrencerelevante kataer i wado og bliv bedre til dem du kender.<br \/>\n\u2022 Kumite (Frikamp): Forbedr dine evner i makker\u00f8velserne og l\u00e6r at kontrollere din makker.<br \/>\n\u2022 Bunkai: L\u00e6r, hvad kataerne gemmer p\u00e5.<\/p>\n<p>Instrukt\u00f8rer: Lejrens dygtige instrukt\u00f8rer kommer fra forskellige klubber, hvilket giver dig et unikt perspektiv og nye indsigter i din karatepraksis.<\/p>\n<p>Deltagelse:<br \/>\n\u2022 For ALLE klubbens medlemmer<br \/>\n\u2022 Alder: 8 \u00e5r og opefter.<\/p>\n<p>Hvor:<br \/>\n\u2022 Them Hallerne,\u00a0Frisholmvej 13, 8653 Them.<br \/>\nMan skal selv finde derud. Arrang\u00e9r gerne selv samk\u00f8rsel.<\/p>\n<p>Tidspunkter:<br \/>\n\u2022 1. november:<br \/>\no Tr\u00e6ning: 10:00 &#8211; 18:00<br \/>\no Natl\u00f8b: 20:00 &#8211; 22:00<\/p>\n<p>\u2022 2. november:<br \/>\no Tr\u00e6ning: 7:00 &#8211; 14:00<\/p>\n<p>Pris: 500 kr.<\/p>\n<p>Tilmelding OG betaling sker direkte til Silkeborg Karateklub<br \/>\n<strong>SENEST MANDAG d. 20. oktober p\u00e5 dette link.\u00a0<\/strong><a title=\"\" href=\"https:\/\/docs.google.com\/forms\/d\/e\/1FAIpQLSdhLMz43v2DPlKG3ksP90vvyJLz151A_chGrqI0XsZ8ecEVvQ\/viewform?usp=sharing&amp;ouid=117710853426388747812\" target=\"_blank\" rel=\"noopener noreferrer\" data-saferedirecturl=\"https:\/\/www.google.com\/url?q=https:\/\/docs.google.com\/forms\/d\/e\/1FAIpQLSdhLMz43v2DPlKG3ksP90vvyJLz151A_chGrqI0XsZ8ecEVvQ\/viewform?usp%3Dsharing%26ouid%3D117710853426388747812&amp;source=gmail&amp;ust=1759161931422000&amp;usg=AOvVaw2QGOa7Gi6y2o-8qBec7IrI\"><strong>TILMELD<\/strong><\/a><br \/>\n<strong>\u200b<\/strong><br \/>\nDer kan betales p\u00e5 mobilepay (se mere ved tilmeldingslinket) og bankoverf\u00f8rsel.<br \/>\n\u00d8nsker man at betale via bankoverf\u00f8rsel, s\u00e5 kontakt\u00a0<a href=\"mailto:henriette.hammelkarate@gmail.com\" target=\"_blank\" rel=\"noopener\">henriette.<wbr \/>hammelkarate@gmail.com<\/a>.<br \/>\nSilkeborg Karateklub tager ikke kontanter.<br \/>\nDer g\u00f8res opm\u00e6rksom p\u00e5, at betalingen skal ske ved tilmelding og er bindende.<\/p>\n<p>Overnatning:<br \/>\nDer vil v\u00e6re mulighed for overnatning p\u00e5 den lokale skole, som ligger lige p\u00e5 den anden side af vejen.<\/p>\n<p>Vi ser frem til en inspirerende og sjov lejr med masser af karate, kammeratskab og nye oplevelser!<\/p>\n<p>Har I sp\u00f8rgsm\u00e5l, s\u00e5 send en mail til Silkeborg karateklub p\u00e5\u00a0<a href=\"mailto:skk@silkeborgkarateklub.dk\" target=\"_blank\" rel=\"noopener\">skk@silkeborgkarateklub.dk<\/a><br \/>\neller til\u00a0<a href=\"mailto:henriette.hammelkarate@gmail.com\" target=\"_blank\" rel=\"noopener\">henriette.hammelkarate@gmail.<wbr \/>com<\/a><\/p>\n<\/div>\n<p>Det er en god ide blandt andet at medbringe:<br \/>\nGi+b\u00e6lte<br \/>\nHandsker+tandbeskytter (hvis man har)<br \/>\nTr\u00e6ningst\u00f8j og sko til aftenl\u00f8b<br \/>\nToiletsager + h\u00e5ndkl\u00e6de<br \/>\nNatt\u00f8j<br \/>\nSovepose+liggeunderlag<br \/>\nSkiftet\u00f8j<\/p>\n","protected":false},"excerpt":{"rendered":"<p>Silkeborg Karateklub afholder en lejr i Them Hallerne. Lejren er for alle\u00a0klubbens medlemmer, og det er en enest\u00e5ende chance for at f\u00e5 en tr\u00e6net en masse karate og m\u00f8de karateud\u00f8vere fra de andre hold i klubben samt fra andre Wado klubber. Silkeborg Karateklub gl\u00e6der sig til at byde dig velkommen til \u00e5rets karatelejr, hvor vi [&hellip;]<\/p>\n","protected":false},"author":17,"featured_media":1203,"comment_status":"closed","ping_status":"closed","sticky":false,"template":"","format":"standard","meta":{"_et_pb_use_builder":"","_et_pb_old_content":"","_et_gb_content_width":""},"categories":[12],"tags":[],"yoast_head":"<!-- This site is optimized with the Yoast SEO plugin v20.9 - https:\/\/yoast.com\/wordpress\/plugins\/seo\/ -->\n<title>Silkeborg Lejren 2025 - Karate<\/title>\n<meta name=\"robots\" content=\"index, follow, max-snippet:-1, max-image-preview:large, max-video-preview:-1\" \/>\n<link rel=\"canonical\" href=\"https:\/\/hgfhammel.dk\/karate\/events\/silkeborg-lejren-2025\/\" \/>\n<meta property=\"og:locale\" content=\"da_DK\" \/>\n<meta property=\"og:type\" content=\"article\" \/>\n<meta property=\"og:title\" content=\"Silkeborg Lejren 2025 - Karate\" \/>\n<meta property=\"og:description\" content=\"Silkeborg Karateklub afholder en lejr i Them Hallerne. Lejren er for alle\u00a0klubbens medlemmer, og det er en enest\u00e5ende chance for at f\u00e5 en tr\u00e6net en masse karate og m\u00f8de karateud\u00f8vere fra de andre hold i klubben samt fra andre Wado klubber. Silkeborg Karateklub gl\u00e6der sig til at byde dig velkommen til \u00e5rets karatelejr, hvor vi [&hellip;]\" \/>\n<meta property=\"og:url\" content=\"https:\/\/hgfhammel.dk\/karate\/events\/silkeborg-lejren-2025\/\" \/>\n<meta property=\"og:site_name\" content=\"Karate\" \/>\n<meta property=\"article:publisher\" content=\"https:\/\/www.facebook.com\/HammelKarate\/\" \/>\n<meta property=\"article:published_time\" content=\"2025-09-28T16:34:25+00:00\" \/>\n<meta property=\"article:modified_time\" content=\"2025-09-28T16:35:03+00:00\" \/>\n<meta property=\"og:image\" content=\"https:\/\/hgfhammel.dk\/karate\/wp-content\/uploads\/sites\/15\/2019\/01\/F\u00e6llestr\u00e6ning1-1.jpg\" \/>\n\t<meta property=\"og:image:width\" content=\"960\" \/>\n\t<meta property=\"og:image:height\" content=\"636\" \/>\n\t<meta property=\"og:image:type\" content=\"image\/jpeg\" \/>\n<meta name=\"author\" content=\"Henriette Koch\" \/>\n<meta name=\"twitter:card\" content=\"summary_large_image\" \/>\n<meta name=\"twitter:label1\" content=\"Skrevet af\" \/>\n\t<meta name=\"twitter:data1\" content=\"Henriette Koch\" \/>\n\t<meta name=\"twitter:label2\" content=\"Estimeret l\u00e6setid\" \/>\n\t<meta name=\"twitter:data2\" content=\"2 minutter\" \/>\n<!-- \/ Yoast SEO plugin. -->","yoast_head_json":{"title":"Silkeborg Lejren 2025 - Karate","robots":{"index":"index","follow":"follow","max-snippet":"max-snippet:-1","max-image-preview":"max-image-preview:large","max-video-preview":"max-video-preview:-1"},"canonical":"https:\/\/hgfhammel.dk\/karate\/events\/silkeborg-lejren-2025\/","og_locale":"da_DK","og_type":"article","og_title":"Silkeborg Lejren 2025 - Karate","og_description":"Silkeborg Karateklub afholder en lejr i Them Hallerne. Lejren er for alle\u00a0klubbens medlemmer, og det er en enest\u00e5ende chance for at f\u00e5 en tr\u00e6net en masse karate og m\u00f8de karateud\u00f8vere fra de andre hold i klubben samt fra andre Wado klubber. Silkeborg Karateklub gl\u00e6der sig til at byde dig velkommen til \u00e5rets karatelejr, hvor vi [&hellip;]","og_url":"https:\/\/hgfhammel.dk\/karate\/events\/silkeborg-lejren-2025\/","og_site_name":"Karate","article_publisher":"https:\/\/www.facebook.com\/HammelKarate\/","article_published_time":"2025-09-28T16:34:25+00:00","article_modified_time":"2025-09-28T16:35:03+00:00","og_image":[{"width":960,"height":636,"url":"https:\/\/hgfhammel.dk\/karate\/wp-content\/uploads\/sites\/15\/2019\/01\/F\u00e6llestr\u00e6ning1-1.jpg","type":"image\/jpeg"}],"author":"Henriette Koch","twitter_card":"summary_large_image","twitter_misc":{"Skrevet af":"Henriette Koch","Estimeret l\u00e6setid":"2 minutter"},"schema":{"@context":"https:\/\/schema.org","@graph":[{"@type":"Article","@id":"https:\/\/hgfhammel.dk\/karate\/events\/silkeborg-lejren-2025\/#article","isPartOf":{"@id":"https:\/\/hgfhammel.dk\/karate\/events\/silkeborg-lejren-2025\/"},"author":{"name":"Henriette Koch","@id":"https:\/\/hgfhammel.dk\/karate\/#\/schema\/person\/98493d59537424c20266a5089ebbdee3"},"headline":"Silkeborg Lejren 2025","datePublished":"2025-09-28T16:34:25+00:00","dateModified":"2025-09-28T16:35:03+00:00","mainEntityOfPage":{"@id":"https:\/\/hgfhammel.dk\/karate\/events\/silkeborg-lejren-2025\/"},"wordCount":355,"publisher":{"@id":"https:\/\/hgfhammel.dk\/karate\/#organization"},"articleSection":["Events"],"inLanguage":"da-DK"},{"@type":"WebPage","@id":"https:\/\/hgfhammel.dk\/karate\/events\/silkeborg-lejren-2025\/","url":"https:\/\/hgfhammel.dk\/karate\/events\/silkeborg-lejren-2025\/","name":"Silkeborg Lejren 2025 - Karate","isPartOf":{"@id":"https:\/\/hgfhammel.dk\/karate\/#website"},"datePublished":"2025-09-28T16:34:25+00:00","dateModified":"2025-09-28T16:35:03+00:00","breadcrumb":{"@id":"https:\/\/hgfhammel.dk\/karate\/events\/silkeborg-lejren-2025\/#breadcrumb"},"inLanguage":"da-DK","potentialAction":[{"@type":"ReadAction","target":["https:\/\/hgfhammel.dk\/karate\/events\/silkeborg-lejren-2025\/"]}]},{"@type":"BreadcrumbList","@id":"https:\/\/hgfhammel.dk\/karate\/events\/silkeborg-lejren-2025\/#breadcrumb","itemListElement":[{"@type":"ListItem","position":1,"name":"Hjem","item":"https:\/\/hgfhammel.dk\/karate\/"},{"@type":"ListItem","position":2,"name":"Silkeborg Lejren 2025"}]},{"@type":"WebSite","@id":"https:\/\/hgfhammel.dk\/karate\/#website","url":"https:\/\/hgfhammel.dk\/karate\/","name":"Hammel Karate","description":"Karate","publisher":{"@id":"https:\/\/hgfhammel.dk\/karate\/#organization"},"potentialAction":[{"@type":"SearchAction","target":{"@type":"EntryPoint","urlTemplate":"https:\/\/hgfhammel.dk\/karate\/?s={search_term_string}"},"query-input":"required name=search_term_string"}],"inLanguage":"da-DK"},{"@type":"Organization","@id":"https:\/\/hgfhammel.dk\/karate\/#organization","name":"Hammel Karate Klub","url":"https:\/\/hgfhammel.dk\/karate\/","logo":{"@type":"ImageObject","inLanguage":"da-DK","@id":"https:\/\/hgfhammel.dk\/karate\/#\/schema\/logo\/image\/","url":"https:\/\/hgfhammel.dk\/karate\/wp-content\/uploads\/sites\/15\/2018\/09\/hammelkarate-dansk-wadokai_logo.png","contentUrl":"https:\/\/hgfhammel.dk\/karate\/wp-content\/uploads\/sites\/15\/2018\/09\/hammelkarate-dansk-wadokai_logo.png","width":200,"height":200,"caption":"Hammel Karate Klub"},"image":{"@id":"https:\/\/hgfhammel.dk\/karate\/#\/schema\/logo\/image\/"},"sameAs":["https:\/\/www.facebook.com\/HammelKarate\/"]},{"@type":"Person","@id":"https:\/\/hgfhammel.dk\/karate\/#\/schema\/person\/98493d59537424c20266a5089ebbdee3","name":"Henriette Koch","image":{"@type":"ImageObject","inLanguage":"da-DK","@id":"https:\/\/hgfhammel.dk\/karate\/#\/schema\/person\/image\/","url":"https:\/\/secure.gravatar.com\/avatar\/4ca4a7e46ac1d1161702a59afdfe5f3f?s=96&d=mm&r=g","contentUrl":"https:\/\/secure.gravatar.com\/avatar\/4ca4a7e46ac1d1161702a59afdfe5f3f?s=96&d=mm&r=g","caption":"Henriette Koch"},"url":"https:\/\/hgfhammel.dk\/karate\/author\/henriettekoch\/"}]}},"_links":{"self":[{"href":"https:\/\/hgfhammel.dk\/karate\/wp-json\/wp\/v2\/posts\/2607"}],"collection":[{"href":"https:\/\/hgfhammel.dk\/karate\/wp-json\/wp\/v2\/posts"}],"about":[{"href":"https:\/\/hgfhammel.dk\/karate\/wp-json\/wp\/v2\/types\/post"}],"author":[{"embeddable":true,"href":"https:\/\/hgfhammel.dk\/karate\/wp-json\/wp\/v2\/users\/17"}],"replies":[{"embeddable":true,"href":"https:\/\/hgfhammel.dk\/karate\/wp-json\/wp\/v2\/comments?post=2607"}],"version-history":[{"count":2,"href":"https:\/\/hgfhammel.dk\/karate\/wp-json\/wp\/v2\/posts\/2607\/revisions"}],"predecessor-version":[{"id":2609,"href":"https:\/\/hgfhammel.dk\/karate\/wp-json\/wp\/v2\/posts\/2607\/revisions\/2609"}],"wp:featuredmedia":[{"embeddable":true,"href":"https:\/\/hgfhammel.dk\/karate\/wp-json\/wp\/v2\/media\/1203"}],"wp:attachment":[{"href":"https:\/\/hgfhammel.dk\/karate\/wp-json\/wp\/v2\/media?parent=2607"}],"wp:term":[{"taxonomy":"category","embeddable":true,"href":"https:\/\/hgfhammel.dk\/karate\/wp-json\/wp\/v2\/categories?post=2607"},{"taxonomy":"post_tag","embeddable":true,"href":"https:\/\/hgfhammel.dk\/karate\/wp-json\/wp\/v2\/tags?post=2607"}],"curies":[{"name":"wp","href":"https:\/\/api.w.org\/{rel}","templated":true}]}}