{"id":2190,"date":"2019-04-04T22:21:22","date_gmt":"2019-04-04T20:21:22","guid":{"rendered":"https:\/\/hgfhammel.dk\/loeb\/?p=2190"},"modified":"2019-04-04T22:22:50","modified_gmt":"2019-04-04T20:22:50","slug":"ry-%c2%bd-marathon-23-marts","status":"publish","type":"post","link":"https:\/\/hgfhammel.dk\/loeb\/nyheder\/ry-%c2%bd-marathon-23-marts\/","title":{"rendered":"Ry \u00bd marathon 23 marts."},"content":{"rendered":"<div>Ry \u00bd marathon 23 marts.<\/div>\n<div><\/div>\n<div>L\u00f8rdag d. 23 marts, var der Ry l\u00f8b, med b\u00e5de 6,1, 15 og 21,1 km distancer som ogs\u00e5 var afslutning p\u00e5 vinter s\u00e6son 2018\/2019.<\/div>\n<div><\/div>\n<div>Lars Julius 21,1 km i tiden 1.32.42<\/div>\n<div><\/div>\n<div>link til resultatlisten.\u00a0 <a href=\"https:\/\/clubportalne.blob.core.windows.net\/sitesite2519224091434717943\/f\/Kondil%C3%B8b\/Resultater\/2018%20-%202019\/Res190321.htm\">https:\/\/clubportalne.blob.core.windows.net\/sitesite2519224091434717943\/f\/Kondil%C3%B8b\/Resultater\/2018%20-%202019\/Res190321.htm<\/a><\/div>\n<div><\/div>\n<div>Lars Julius<\/div>\n","protected":false},"excerpt":{"rendered":"<p>Ry \u00bd marathon 23 marts. L\u00f8rdag d. 23 marts, var der Ry l\u00f8b, med b\u00e5de 6,1, 15 og 21,1 km distancer som ogs\u00e5 var afslutning p\u00e5 vinter s\u00e6son 2018\/2019. Lars Julius 21,1 km i tiden 1.32.42 link til resultatlisten.\u00a0 https:\/\/clubportalne.blob.core.windows.net\/sitesite2519224091434717943\/f\/Kondil%C3%B8b\/Resultater\/2018%20-%202019\/Res190321.htm Lars Julius<\/p>\n","protected":false},"author":18,"featured_media":2191,"comment_status":"closed","ping_status":"closed","sticky":false,"template":"","format":"standard","meta":{"_et_pb_use_builder":"","_et_pb_old_content":"","_et_gb_content_width":""},"categories":[9],"tags":[],"yoast_head":"<!-- This site is optimized with the Yoast SEO plugin v20.9 - https:\/\/yoast.com\/wordpress\/plugins\/seo\/ -->\n<title>Ry \u00bd marathon 23 marts. - L\u00f8b &amp; Motion<\/title>\n<meta name=\"robots\" content=\"index, follow, max-snippet:-1, max-image-preview:large, max-video-preview:-1\" \/>\n<link rel=\"canonical\" href=\"https:\/\/hgfhammel.dk\/loeb\/nyheder\/ry-\u00bd-marathon-23-marts\/\" \/>\n<meta property=\"og:locale\" content=\"da_DK\" \/>\n<meta property=\"og:type\" content=\"article\" \/>\n<meta property=\"og:title\" content=\"Ry \u00bd marathon 23 marts. - L\u00f8b &amp; Motion\" \/>\n<meta property=\"og:description\" content=\"Ry \u00bd marathon 23 marts. L\u00f8rdag d. 23 marts, var der Ry l\u00f8b, med b\u00e5de 6,1, 15 og 21,1 km distancer som ogs\u00e5 var afslutning p\u00e5 vinter s\u00e6son 2018\/2019. Lars Julius 21,1 km i tiden 1.32.42 link til resultatlisten.\u00a0 https:\/\/clubportalne.blob.core.windows.net\/sitesite2519224091434717943\/f\/Kondil%C3%B8b\/Resultater\/2018%20-%202019\/Res190321.htm Lars Julius\" \/>\n<meta property=\"og:url\" content=\"https:\/\/hgfhammel.dk\/loeb\/nyheder\/ry-\u00bd-marathon-23-marts\/\" \/>\n<meta property=\"og:site_name\" content=\"L\u00f8b &amp; Motion\" \/>\n<meta property=\"article:published_time\" content=\"2019-04-04T20:21:22+00:00\" \/>\n<meta property=\"article:modified_time\" content=\"2019-04-04T20:22:50+00:00\" \/>\n<meta name=\"author\" content=\"anettekehletjensen\" \/>\n<meta name=\"twitter:card\" content=\"summary_large_image\" \/>\n<meta name=\"twitter:image\" content=\"https:\/\/hgfhammel.dk\/loeb\/wp-content\/uploads\/sites\/11\/2019\/04\/Rute-60.pdf-ry-pdf.jpg\" \/>\n<meta name=\"twitter:label1\" content=\"Skrevet af\" \/>\n\t<meta name=\"twitter:data1\" content=\"anettekehletjensen\" \/>\n<!-- \/ Yoast SEO plugin. -->","yoast_head_json":{"title":"Ry \u00bd marathon 23 marts. - L\u00f8b &amp; Motion","robots":{"index":"index","follow":"follow","max-snippet":"max-snippet:-1","max-image-preview":"max-image-preview:large","max-video-preview":"max-video-preview:-1"},"canonical":"https:\/\/hgfhammel.dk\/loeb\/nyheder\/ry-\u00bd-marathon-23-marts\/","og_locale":"da_DK","og_type":"article","og_title":"Ry \u00bd marathon 23 marts. - L\u00f8b &amp; Motion","og_description":"Ry \u00bd marathon 23 marts. L\u00f8rdag d. 23 marts, var der Ry l\u00f8b, med b\u00e5de 6,1, 15 og 21,1 km distancer som ogs\u00e5 var afslutning p\u00e5 vinter s\u00e6son 2018\/2019. Lars Julius 21,1 km i tiden 1.32.42 link til resultatlisten.\u00a0 https:\/\/clubportalne.blob.core.windows.net\/sitesite2519224091434717943\/f\/Kondil%C3%B8b\/Resultater\/2018%20-%202019\/Res190321.htm Lars Julius","og_url":"https:\/\/hgfhammel.dk\/loeb\/nyheder\/ry-\u00bd-marathon-23-marts\/","og_site_name":"L\u00f8b &amp; Motion","article_published_time":"2019-04-04T20:21:22+00:00","article_modified_time":"2019-04-04T20:22:50+00:00","author":"anettekehletjensen","twitter_card":"summary_large_image","twitter_image":"https:\/\/hgfhammel.dk\/loeb\/wp-content\/uploads\/sites\/11\/2019\/04\/Rute-60.pdf-ry-pdf.jpg","twitter_misc":{"Skrevet af":"anettekehletjensen"},"schema":{"@context":"https:\/\/schema.org","@graph":[{"@type":"WebPage","@id":"https:\/\/hgfhammel.dk\/loeb\/nyheder\/ry-%c2%bd-marathon-23-marts\/","url":"https:\/\/hgfhammel.dk\/loeb\/nyheder\/ry-%c2%bd-marathon-23-marts\/","name":"Ry \u00bd marathon 23 marts. - L\u00f8b &amp; Motion","isPartOf":{"@id":"https:\/\/hgfhammel.dk\/loeb\/#website"},"datePublished":"2019-04-04T20:21:22+00:00","dateModified":"2019-04-04T20:22:50+00:00","author":{"@id":"https:\/\/hgfhammel.dk\/loeb\/#\/schema\/person\/a6c8e8e0aebad8681bd0324029200fd5"},"breadcrumb":{"@id":"https:\/\/hgfhammel.dk\/loeb\/nyheder\/ry-%c2%bd-marathon-23-marts\/#breadcrumb"},"inLanguage":"da-DK","potentialAction":[{"@type":"ReadAction","target":["https:\/\/hgfhammel.dk\/loeb\/nyheder\/ry-%c2%bd-marathon-23-marts\/"]}]},{"@type":"BreadcrumbList","@id":"https:\/\/hgfhammel.dk\/loeb\/nyheder\/ry-%c2%bd-marathon-23-marts\/#breadcrumb","itemListElement":[{"@type":"ListItem","position":1,"name":"Hjem","item":"https:\/\/hgfhammel.dk\/loeb\/"},{"@type":"ListItem","position":2,"name":"Ry \u00bd marathon 23 marts."}]},{"@type":"WebSite","@id":"https:\/\/hgfhammel.dk\/loeb\/#website","url":"https:\/\/hgfhammel.dk\/loeb\/","name":"L\u00f8b &amp; Motion","description":"L\u00f8b &amp; Motion","potentialAction":[{"@type":"SearchAction","target":{"@type":"EntryPoint","urlTemplate":"https:\/\/hgfhammel.dk\/loeb\/?s={search_term_string}"},"query-input":"required name=search_term_string"}],"inLanguage":"da-DK"},{"@type":"Person","@id":"https:\/\/hgfhammel.dk\/loeb\/#\/schema\/person\/a6c8e8e0aebad8681bd0324029200fd5","name":"anettekehletjensen","image":{"@type":"ImageObject","inLanguage":"da-DK","@id":"https:\/\/hgfhammel.dk\/loeb\/#\/schema\/person\/image\/","url":"https:\/\/secure.gravatar.com\/avatar\/8f17c46a47067880adf8ef0a13b04c18?s=96&d=mm&r=g","contentUrl":"https:\/\/secure.gravatar.com\/avatar\/8f17c46a47067880adf8ef0a13b04c18?s=96&d=mm&r=g","caption":"anettekehletjensen"},"url":"https:\/\/hgfhammel.dk\/loeb\/author\/anettekehletjensen\/"}]}},"_links":{"self":[{"href":"https:\/\/hgfhammel.dk\/loeb\/wp-json\/wp\/v2\/posts\/2190"}],"collection":[{"href":"https:\/\/hgfhammel.dk\/loeb\/wp-json\/wp\/v2\/posts"}],"about":[{"href":"https:\/\/hgfhammel.dk\/loeb\/wp-json\/wp\/v2\/types\/post"}],"author":[{"embeddable":true,"href":"https:\/\/hgfhammel.dk\/loeb\/wp-json\/wp\/v2\/users\/18"}],"replies":[{"embeddable":true,"href":"https:\/\/hgfhammel.dk\/loeb\/wp-json\/wp\/v2\/comments?post=2190"}],"version-history":[{"count":0,"href":"https:\/\/hgfhammel.dk\/loeb\/wp-json\/wp\/v2\/posts\/2190\/revisions"}],"wp:featuredmedia":[{"embeddable":true,"href":"https:\/\/hgfhammel.dk\/loeb\/wp-json\/wp\/v2\/media\/2191"}],"wp:attachment":[{"href":"https:\/\/hgfhammel.dk\/loeb\/wp-json\/wp\/v2\/media?parent=2190"}],"wp:term":[{"taxonomy":"category","embeddable":true,"href":"https:\/\/hgfhammel.dk\/loeb\/wp-json\/wp\/v2\/categories?post=2190"},{"taxonomy":"post_tag","embeddable":true,"href":"https:\/\/hgfhammel.dk\/loeb\/wp-json\/wp\/v2\/tags?post=2190"}],"curies":[{"name":"wp","href":"https:\/\/api.w.org\/{rel}","templated":true}]}}