{"id":2640,"date":"2019-10-06T15:17:25","date_gmt":"2019-10-06T13:17:25","guid":{"rendered":"https:\/\/hgfhammel.dk\/loeb\/?p=2640"},"modified":"2019-10-06T15:17:25","modified_gmt":"2019-10-06T13:17:25","slug":"lyseroed-loerdag-i-hals-2","status":"publish","type":"post","link":"https:\/\/hgfhammel.dk\/loeb\/nyheder\/lyseroed-loerdag-i-hals-2\/","title":{"rendered":"Lyser\u00f8d L\u00f8rdag i Hals"},"content":{"rendered":"<p>Torben Jensen l\u00f8b marathon i Hals ( Nord \u00f8st for \u00c5lborg ) l\u00f8rdag d 5 Oktober. L\u00f8bet er et lille lokalt l\u00f8b, som er arrangeret af kr\u00e6ftens bek\u00e6mpelse til fordel for st\u00f8t brysterne.<\/p>\n<p>Man kunne l\u00f8be hel marathon, 1\/2 marathon,\u00a0 rundel\u00f8b \u00e1 5,3 km og cykle og g\u00e5 en tur alt sammen til fordel for st\u00f8t brystene.<\/p>\n<p>Torben Marathon 3.43.00 <a href=\"https:\/\/hgfhammel.dk\/loeb\/wp-content\/uploads\/sites\/11\/2019\/10\/IMG_0411.jpg\"><img decoding=\"async\" loading=\"lazy\" class=\"alignleft size-thumbnail wp-image-2641\" src=\"https:\/\/hgfhammel.dk\/loeb\/wp-content\/uploads\/sites\/11\/2019\/10\/IMG_0411-150x150.jpg\" alt=\"\" width=\"150\" height=\"150\" \/><\/a><\/p>\n<p>Anette Rundel\u00f8b ( gang ) 2 omgange\u00a0 2.09.37<\/p>\n","protected":false},"excerpt":{"rendered":"<p>Torben Jensen l\u00f8b marathon i Hals ( Nord \u00f8st for \u00c5lborg ) l\u00f8rdag d 5 Oktober. L\u00f8bet er et lille lokalt l\u00f8b, som er arrangeret af kr\u00e6ftens bek\u00e6mpelse til fordel for st\u00f8t brysterne. Man kunne l\u00f8be hel marathon, 1\/2 marathon,\u00a0 rundel\u00f8b \u00e1 5,3 km og cykle og g\u00e5 en tur alt sammen til fordel for [&hellip;]<\/p>\n","protected":false},"author":18,"featured_media":2642,"comment_status":"closed","ping_status":"closed","sticky":false,"template":"","format":"standard","meta":{"_et_pb_use_builder":"","_et_pb_old_content":"","_et_gb_content_width":""},"categories":[9],"tags":[],"yoast_head":"<!-- This site is optimized with the Yoast SEO plugin v20.9 - https:\/\/yoast.com\/wordpress\/plugins\/seo\/ -->\n<title>Lyser\u00f8d L\u00f8rdag i Hals - L\u00f8b &amp; Motion<\/title>\n<meta name=\"robots\" content=\"index, follow, max-snippet:-1, max-image-preview:large, max-video-preview:-1\" \/>\n<link rel=\"canonical\" href=\"https:\/\/hgfhammel.dk\/loeb\/nyheder\/lyseroed-loerdag-i-hals-2\/\" \/>\n<meta property=\"og:locale\" content=\"da_DK\" \/>\n<meta property=\"og:type\" content=\"article\" \/>\n<meta property=\"og:title\" content=\"Lyser\u00f8d L\u00f8rdag i Hals - L\u00f8b &amp; Motion\" \/>\n<meta property=\"og:description\" content=\"Torben Jensen l\u00f8b marathon i Hals ( Nord \u00f8st for \u00c5lborg ) l\u00f8rdag d 5 Oktober. L\u00f8bet er et lille lokalt l\u00f8b, som er arrangeret af kr\u00e6ftens bek\u00e6mpelse til fordel for st\u00f8t brysterne. Man kunne l\u00f8be hel marathon, 1\/2 marathon,\u00a0 rundel\u00f8b \u00e1 5,3 km og cykle og g\u00e5 en tur alt sammen til fordel for [&hellip;]\" \/>\n<meta property=\"og:url\" content=\"https:\/\/hgfhammel.dk\/loeb\/nyheder\/lyseroed-loerdag-i-hals-2\/\" \/>\n<meta property=\"og:site_name\" content=\"L\u00f8b &amp; Motion\" \/>\n<meta property=\"article:published_time\" content=\"2019-10-06T13:17:25+00:00\" \/>\n<meta property=\"og:image\" content=\"https:\/\/hgfhammel.dk\/loeb\/wp-content\/uploads\/sites\/11\/2019\/10\/IMG_0412.jpg\" \/>\n\t<meta property=\"og:image:width\" content=\"2044\" \/>\n\t<meta property=\"og:image:height\" content=\"2044\" \/>\n\t<meta property=\"og:image:type\" content=\"image\/jpeg\" \/>\n<meta name=\"author\" content=\"anettekehletjensen\" \/>\n<meta name=\"twitter:card\" content=\"summary_large_image\" \/>\n<meta name=\"twitter:label1\" content=\"Skrevet af\" \/>\n\t<meta name=\"twitter:data1\" content=\"anettekehletjensen\" \/>\n<!-- \/ Yoast SEO plugin. -->","yoast_head_json":{"title":"Lyser\u00f8d L\u00f8rdag i Hals - L\u00f8b &amp; Motion","robots":{"index":"index","follow":"follow","max-snippet":"max-snippet:-1","max-image-preview":"max-image-preview:large","max-video-preview":"max-video-preview:-1"},"canonical":"https:\/\/hgfhammel.dk\/loeb\/nyheder\/lyseroed-loerdag-i-hals-2\/","og_locale":"da_DK","og_type":"article","og_title":"Lyser\u00f8d L\u00f8rdag i Hals - L\u00f8b &amp; Motion","og_description":"Torben Jensen l\u00f8b marathon i Hals ( Nord \u00f8st for \u00c5lborg ) l\u00f8rdag d 5 Oktober. L\u00f8bet er et lille lokalt l\u00f8b, som er arrangeret af kr\u00e6ftens bek\u00e6mpelse til fordel for st\u00f8t brysterne. Man kunne l\u00f8be hel marathon, 1\/2 marathon,\u00a0 rundel\u00f8b \u00e1 5,3 km og cykle og g\u00e5 en tur alt sammen til fordel for [&hellip;]","og_url":"https:\/\/hgfhammel.dk\/loeb\/nyheder\/lyseroed-loerdag-i-hals-2\/","og_site_name":"L\u00f8b &amp; Motion","article_published_time":"2019-10-06T13:17:25+00:00","og_image":[{"width":2044,"height":2044,"url":"https:\/\/hgfhammel.dk\/loeb\/wp-content\/uploads\/sites\/11\/2019\/10\/IMG_0412.jpg","type":"image\/jpeg"}],"author":"anettekehletjensen","twitter_card":"summary_large_image","twitter_misc":{"Skrevet af":"anettekehletjensen"},"schema":{"@context":"https:\/\/schema.org","@graph":[{"@type":"WebPage","@id":"https:\/\/hgfhammel.dk\/loeb\/nyheder\/lyseroed-loerdag-i-hals-2\/","url":"https:\/\/hgfhammel.dk\/loeb\/nyheder\/lyseroed-loerdag-i-hals-2\/","name":"Lyser\u00f8d L\u00f8rdag i Hals - L\u00f8b &amp; Motion","isPartOf":{"@id":"https:\/\/hgfhammel.dk\/loeb\/#website"},"datePublished":"2019-10-06T13:17:25+00:00","dateModified":"2019-10-06T13:17:25+00:00","author":{"@id":"https:\/\/hgfhammel.dk\/loeb\/#\/schema\/person\/a6c8e8e0aebad8681bd0324029200fd5"},"breadcrumb":{"@id":"https:\/\/hgfhammel.dk\/loeb\/nyheder\/lyseroed-loerdag-i-hals-2\/#breadcrumb"},"inLanguage":"da-DK","potentialAction":[{"@type":"ReadAction","target":["https:\/\/hgfhammel.dk\/loeb\/nyheder\/lyseroed-loerdag-i-hals-2\/"]}]},{"@type":"BreadcrumbList","@id":"https:\/\/hgfhammel.dk\/loeb\/nyheder\/lyseroed-loerdag-i-hals-2\/#breadcrumb","itemListElement":[{"@type":"ListItem","position":1,"name":"Hjem","item":"https:\/\/hgfhammel.dk\/loeb\/"},{"@type":"ListItem","position":2,"name":"Lyser\u00f8d L\u00f8rdag i Hals"}]},{"@type":"WebSite","@id":"https:\/\/hgfhammel.dk\/loeb\/#website","url":"https:\/\/hgfhammel.dk\/loeb\/","name":"L\u00f8b &amp; Motion","description":"L\u00f8b &amp; Motion","potentialAction":[{"@type":"SearchAction","target":{"@type":"EntryPoint","urlTemplate":"https:\/\/hgfhammel.dk\/loeb\/?s={search_term_string}"},"query-input":"required name=search_term_string"}],"inLanguage":"da-DK"},{"@type":"Person","@id":"https:\/\/hgfhammel.dk\/loeb\/#\/schema\/person\/a6c8e8e0aebad8681bd0324029200fd5","name":"anettekehletjensen","image":{"@type":"ImageObject","inLanguage":"da-DK","@id":"https:\/\/hgfhammel.dk\/loeb\/#\/schema\/person\/image\/","url":"https:\/\/secure.gravatar.com\/avatar\/8f17c46a47067880adf8ef0a13b04c18?s=96&d=mm&r=g","contentUrl":"https:\/\/secure.gravatar.com\/avatar\/8f17c46a47067880adf8ef0a13b04c18?s=96&d=mm&r=g","caption":"anettekehletjensen"},"url":"https:\/\/hgfhammel.dk\/loeb\/author\/anettekehletjensen\/"}]}},"_links":{"self":[{"href":"https:\/\/hgfhammel.dk\/loeb\/wp-json\/wp\/v2\/posts\/2640"}],"collection":[{"href":"https:\/\/hgfhammel.dk\/loeb\/wp-json\/wp\/v2\/posts"}],"about":[{"href":"https:\/\/hgfhammel.dk\/loeb\/wp-json\/wp\/v2\/types\/post"}],"author":[{"embeddable":true,"href":"https:\/\/hgfhammel.dk\/loeb\/wp-json\/wp\/v2\/users\/18"}],"replies":[{"embeddable":true,"href":"https:\/\/hgfhammel.dk\/loeb\/wp-json\/wp\/v2\/comments?post=2640"}],"version-history":[{"count":0,"href":"https:\/\/hgfhammel.dk\/loeb\/wp-json\/wp\/v2\/posts\/2640\/revisions"}],"wp:featuredmedia":[{"embeddable":true,"href":"https:\/\/hgfhammel.dk\/loeb\/wp-json\/wp\/v2\/media\/2642"}],"wp:attachment":[{"href":"https:\/\/hgfhammel.dk\/loeb\/wp-json\/wp\/v2\/media?parent=2640"}],"wp:term":[{"taxonomy":"category","embeddable":true,"href":"https:\/\/hgfhammel.dk\/loeb\/wp-json\/wp\/v2\/categories?post=2640"},{"taxonomy":"post_tag","embeddable":true,"href":"https:\/\/hgfhammel.dk\/loeb\/wp-json\/wp\/v2\/tags?post=2640"}],"curies":[{"name":"wp","href":"https:\/\/api.w.org\/{rel}","templated":true}]}}