{"id":3513,"date":"2021-03-13T10:50:44","date_gmt":"2021-03-13T09:50:44","guid":{"rendered":"https:\/\/hgfhammel.dk\/loeb\/?p=3513"},"modified":"2021-03-13T10:50:44","modified_gmt":"2021-03-13T09:50:44","slug":"soendag-d-14-marts-2021","status":"publish","type":"post","link":"https:\/\/hgfhammel.dk\/loeb\/nyheder\/soendag-d-14-marts-2021\/","title":{"rendered":"S\u00f8ndag d. 14 marts 2021"},"content":{"rendered":"<p>K\u00e6re alle<\/p>\n<p>P\u00e5 s\u00f8ndag har alle mulighed for at slutte l\u00f8b af med en kop kaffe\/the og bolle. Mette Thomsen st\u00e5r med sin \u201cs\u00e6rlige medhj\u00e6lper\u201d Lars Wilhelmsen p\u00e5 P-arealet for enden af hallerne p\u00e5 s\u00f8ndag fra kl. 11:30.<\/p>\n<p>Bollerne er i dagen anledning bagt af Pia Meldgaard og Christian Dolberg.<br \/>\nDer skal lyde en stor tak til som har taget del i \u201cprojektet\u201d<\/p>\n<div>(Husk vi skal stadig v\u00e6k overholde myndighedernes restriktioner om bl.a. 2 m afstand).<\/div>\n<p>MVH<\/p>\n<p>Bestyrelsen<\/p>\n","protected":false},"excerpt":{"rendered":"<p>K\u00e6re alle P\u00e5 s\u00f8ndag har alle mulighed for at slutte l\u00f8b af med en kop kaffe\/the og bolle. Mette Thomsen st\u00e5r med sin \u201cs\u00e6rlige medhj\u00e6lper\u201d Lars Wilhelmsen p\u00e5 P-arealet for enden af hallerne p\u00e5 s\u00f8ndag fra kl. 11:30. Bollerne er i dagen anledning bagt af Pia Meldgaard og Christian Dolberg. Der skal lyde en stor [&hellip;]<\/p>\n","protected":false},"author":18,"featured_media":3514,"comment_status":"closed","ping_status":"closed","sticky":false,"template":"","format":"standard","meta":{"_et_pb_use_builder":"","_et_pb_old_content":"","_et_gb_content_width":""},"categories":[9],"tags":[],"yoast_head":"<!-- This site is optimized with the Yoast SEO plugin v20.9 - https:\/\/yoast.com\/wordpress\/plugins\/seo\/ -->\n<title>S\u00f8ndag d. 14 marts 2021 - L\u00f8b &amp; Motion<\/title>\n<meta name=\"robots\" content=\"index, follow, max-snippet:-1, max-image-preview:large, max-video-preview:-1\" \/>\n<link rel=\"canonical\" href=\"https:\/\/hgfhammel.dk\/loeb\/nyheder\/soendag-d-14-marts-2021\/\" \/>\n<meta property=\"og:locale\" content=\"da_DK\" \/>\n<meta property=\"og:type\" content=\"article\" \/>\n<meta property=\"og:title\" content=\"S\u00f8ndag d. 14 marts 2021 - L\u00f8b &amp; Motion\" \/>\n<meta property=\"og:description\" content=\"K\u00e6re alle P\u00e5 s\u00f8ndag har alle mulighed for at slutte l\u00f8b af med en kop kaffe\/the og bolle. Mette Thomsen st\u00e5r med sin \u201cs\u00e6rlige medhj\u00e6lper\u201d Lars Wilhelmsen p\u00e5 P-arealet for enden af hallerne p\u00e5 s\u00f8ndag fra kl. 11:30. Bollerne er i dagen anledning bagt af Pia Meldgaard og Christian Dolberg. Der skal lyde en stor [&hellip;]\" \/>\n<meta property=\"og:url\" content=\"https:\/\/hgfhammel.dk\/loeb\/nyheder\/soendag-d-14-marts-2021\/\" \/>\n<meta property=\"og:site_name\" content=\"L\u00f8b &amp; Motion\" \/>\n<meta property=\"article:published_time\" content=\"2021-03-13T09:50:44+00:00\" \/>\n<meta property=\"og:image\" content=\"https:\/\/hgfhammel.dk\/loeb\/wp-content\/uploads\/sites\/11\/2021\/03\/160218185_10224061597024304_8737780307045201666_n.jpg\" \/>\n\t<meta property=\"og:image:width\" content=\"872\" \/>\n\t<meta property=\"og:image:height\" content=\"568\" \/>\n\t<meta property=\"og:image:type\" content=\"image\/jpeg\" \/>\n<meta name=\"author\" content=\"anettekehletjensen\" \/>\n<meta name=\"twitter:card\" content=\"summary_large_image\" \/>\n<meta name=\"twitter:label1\" content=\"Skrevet af\" \/>\n\t<meta name=\"twitter:data1\" content=\"anettekehletjensen\" \/>\n<!-- \/ Yoast SEO plugin. -->","yoast_head_json":{"title":"S\u00f8ndag d. 14 marts 2021 - L\u00f8b &amp; Motion","robots":{"index":"index","follow":"follow","max-snippet":"max-snippet:-1","max-image-preview":"max-image-preview:large","max-video-preview":"max-video-preview:-1"},"canonical":"https:\/\/hgfhammel.dk\/loeb\/nyheder\/soendag-d-14-marts-2021\/","og_locale":"da_DK","og_type":"article","og_title":"S\u00f8ndag d. 14 marts 2021 - L\u00f8b &amp; Motion","og_description":"K\u00e6re alle P\u00e5 s\u00f8ndag har alle mulighed for at slutte l\u00f8b af med en kop kaffe\/the og bolle. Mette Thomsen st\u00e5r med sin \u201cs\u00e6rlige medhj\u00e6lper\u201d Lars Wilhelmsen p\u00e5 P-arealet for enden af hallerne p\u00e5 s\u00f8ndag fra kl. 11:30. Bollerne er i dagen anledning bagt af Pia Meldgaard og Christian Dolberg. Der skal lyde en stor [&hellip;]","og_url":"https:\/\/hgfhammel.dk\/loeb\/nyheder\/soendag-d-14-marts-2021\/","og_site_name":"L\u00f8b &amp; Motion","article_published_time":"2021-03-13T09:50:44+00:00","og_image":[{"width":872,"height":568,"url":"https:\/\/hgfhammel.dk\/loeb\/wp-content\/uploads\/sites\/11\/2021\/03\/160218185_10224061597024304_8737780307045201666_n.jpg","type":"image\/jpeg"}],"author":"anettekehletjensen","twitter_card":"summary_large_image","twitter_misc":{"Skrevet af":"anettekehletjensen"},"schema":{"@context":"https:\/\/schema.org","@graph":[{"@type":"WebPage","@id":"https:\/\/hgfhammel.dk\/loeb\/nyheder\/soendag-d-14-marts-2021\/","url":"https:\/\/hgfhammel.dk\/loeb\/nyheder\/soendag-d-14-marts-2021\/","name":"S\u00f8ndag d. 14 marts 2021 - L\u00f8b &amp; Motion","isPartOf":{"@id":"https:\/\/hgfhammel.dk\/loeb\/#website"},"datePublished":"2021-03-13T09:50:44+00:00","dateModified":"2021-03-13T09:50:44+00:00","author":{"@id":"https:\/\/hgfhammel.dk\/loeb\/#\/schema\/person\/a6c8e8e0aebad8681bd0324029200fd5"},"breadcrumb":{"@id":"https:\/\/hgfhammel.dk\/loeb\/nyheder\/soendag-d-14-marts-2021\/#breadcrumb"},"inLanguage":"da-DK","potentialAction":[{"@type":"ReadAction","target":["https:\/\/hgfhammel.dk\/loeb\/nyheder\/soendag-d-14-marts-2021\/"]}]},{"@type":"BreadcrumbList","@id":"https:\/\/hgfhammel.dk\/loeb\/nyheder\/soendag-d-14-marts-2021\/#breadcrumb","itemListElement":[{"@type":"ListItem","position":1,"name":"Hjem","item":"https:\/\/hgfhammel.dk\/loeb\/"},{"@type":"ListItem","position":2,"name":"S\u00f8ndag d. 14 marts 2021"}]},{"@type":"WebSite","@id":"https:\/\/hgfhammel.dk\/loeb\/#website","url":"https:\/\/hgfhammel.dk\/loeb\/","name":"L\u00f8b &amp; Motion","description":"L\u00f8b &amp; Motion","potentialAction":[{"@type":"SearchAction","target":{"@type":"EntryPoint","urlTemplate":"https:\/\/hgfhammel.dk\/loeb\/?s={search_term_string}"},"query-input":"required name=search_term_string"}],"inLanguage":"da-DK"},{"@type":"Person","@id":"https:\/\/hgfhammel.dk\/loeb\/#\/schema\/person\/a6c8e8e0aebad8681bd0324029200fd5","name":"anettekehletjensen","image":{"@type":"ImageObject","inLanguage":"da-DK","@id":"https:\/\/hgfhammel.dk\/loeb\/#\/schema\/person\/image\/","url":"https:\/\/secure.gravatar.com\/avatar\/8f17c46a47067880adf8ef0a13b04c18?s=96&d=mm&r=g","contentUrl":"https:\/\/secure.gravatar.com\/avatar\/8f17c46a47067880adf8ef0a13b04c18?s=96&d=mm&r=g","caption":"anettekehletjensen"},"url":"https:\/\/hgfhammel.dk\/loeb\/author\/anettekehletjensen\/"}]}},"_links":{"self":[{"href":"https:\/\/hgfhammel.dk\/loeb\/wp-json\/wp\/v2\/posts\/3513"}],"collection":[{"href":"https:\/\/hgfhammel.dk\/loeb\/wp-json\/wp\/v2\/posts"}],"about":[{"href":"https:\/\/hgfhammel.dk\/loeb\/wp-json\/wp\/v2\/types\/post"}],"author":[{"embeddable":true,"href":"https:\/\/hgfhammel.dk\/loeb\/wp-json\/wp\/v2\/users\/18"}],"replies":[{"embeddable":true,"href":"https:\/\/hgfhammel.dk\/loeb\/wp-json\/wp\/v2\/comments?post=3513"}],"version-history":[{"count":0,"href":"https:\/\/hgfhammel.dk\/loeb\/wp-json\/wp\/v2\/posts\/3513\/revisions"}],"wp:featuredmedia":[{"embeddable":true,"href":"https:\/\/hgfhammel.dk\/loeb\/wp-json\/wp\/v2\/media\/3514"}],"wp:attachment":[{"href":"https:\/\/hgfhammel.dk\/loeb\/wp-json\/wp\/v2\/media?parent=3513"}],"wp:term":[{"taxonomy":"category","embeddable":true,"href":"https:\/\/hgfhammel.dk\/loeb\/wp-json\/wp\/v2\/categories?post=3513"},{"taxonomy":"post_tag","embeddable":true,"href":"https:\/\/hgfhammel.dk\/loeb\/wp-json\/wp\/v2\/tags?post=3513"}],"curies":[{"name":"wp","href":"https:\/\/api.w.org\/{rel}","templated":true}]}}