{"id":3855,"date":"2021-10-17T19:52:09","date_gmt":"2021-10-17T17:52:09","guid":{"rendered":"https:\/\/hgfhammel.dk\/loeb\/?p=3855"},"modified":"2021-10-17T19:55:10","modified_gmt":"2021-10-17T17:55:10","slug":"bakketraening-i-ry","status":"publish","type":"post","link":"https:\/\/hgfhammel.dk\/loeb\/nyheder\/bakketraening-i-ry\/","title":{"rendered":"Bakketr\u00e6ning i Ry"},"content":{"rendered":"<div>Bakketr\u00e6ning i Ry<\/div>\n<div><\/div>\n<div>7 l\u00f8ber m\u00f8dte op til bakketr\u00e6ning i Ry l\u00f8rdag formiddag. Vejret var super med n\u00e6sten vindstille, skyfrit og ca. 10 gr.<\/div>\n<div><\/div>\n<div>Det blev til ca. 15,5 km bakker, 350 h\u00f8jdemeter, og m\u00f8de med vildsvin, Bes\u00f8g ved Hinbjerg Kol, for at se ud over Laven og Ry.<\/div>\n<div>Turen var arrangeret af Ole Fogh Nielsen, tak Ole.<\/div>\n<div><\/div>\n<div><\/div>\n<div><a href=\"https:\/\/hgfhammel.dk\/loeb\/wp-content\/uploads\/sites\/11\/2021\/10\/78B1D4D0-B173-4200-ADBF-539F35CE3043.jpeg\"><img decoding=\"async\" loading=\"lazy\" class=\"size-thumbnail wp-image-3858 alignleft\" src=\"https:\/\/hgfhammel.dk\/loeb\/wp-content\/uploads\/sites\/11\/2021\/10\/78B1D4D0-B173-4200-ADBF-539F35CE3043-150x150.jpeg\" alt=\"\" width=\"150\" height=\"150\" \/><\/a> <a href=\"https:\/\/hgfhammel.dk\/loeb\/wp-content\/uploads\/sites\/11\/2021\/10\/149C92D2-D0B5-4084-9755-4C116ED225E3.jpeg\"><img decoding=\"async\" loading=\"lazy\" class=\"size-thumbnail wp-image-3857 alignleft\" src=\"https:\/\/hgfhammel.dk\/loeb\/wp-content\/uploads\/sites\/11\/2021\/10\/149C92D2-D0B5-4084-9755-4C116ED225E3-150x150.jpeg\" alt=\"\" width=\"150\" height=\"150\" \/><\/a> <a href=\"https:\/\/hgfhammel.dk\/loeb\/wp-content\/uploads\/sites\/11\/2021\/10\/66499677-E1ED-4C81-AEB6-B1029394EF35.jpeg\"><img decoding=\"async\" loading=\"lazy\" class=\"size-thumbnail wp-image-3856 alignleft\" src=\"https:\/\/hgfhammel.dk\/loeb\/wp-content\/uploads\/sites\/11\/2021\/10\/66499677-E1ED-4C81-AEB6-B1029394EF35-150x150.jpeg\" alt=\"\" width=\"150\" height=\"150\" \/><\/a><\/div>\n<div><\/div>\n<div><\/div>\n<div><\/div>\n<div><\/div>\n<div><\/div>\n<div><\/div>\n<div><\/div>\n<div><\/div>\n<div>Lars Julius<\/div>\n","protected":false},"excerpt":{"rendered":"<p>Bakketr\u00e6ning i Ry 7 l\u00f8ber m\u00f8dte op til bakketr\u00e6ning i Ry l\u00f8rdag formiddag. Vejret var super med n\u00e6sten vindstille, skyfrit og ca. 10 gr. Det blev til ca. 15,5 km bakker, 350 h\u00f8jdemeter, og m\u00f8de med vildsvin, Bes\u00f8g ved Hinbjerg Kol, for at se ud over Laven og Ry. Turen var arrangeret af Ole Fogh [&hellip;]<\/p>\n","protected":false},"author":18,"featured_media":3859,"comment_status":"closed","ping_status":"closed","sticky":false,"template":"","format":"standard","meta":{"_et_pb_use_builder":"","_et_pb_old_content":"","_et_gb_content_width":""},"categories":[9],"tags":[],"yoast_head":"<!-- This site is optimized with the Yoast SEO plugin v20.9 - https:\/\/yoast.com\/wordpress\/plugins\/seo\/ -->\n<title>Bakketr\u00e6ning i Ry - L\u00f8b &amp; Motion<\/title>\n<meta name=\"robots\" content=\"index, follow, max-snippet:-1, max-image-preview:large, max-video-preview:-1\" \/>\n<link rel=\"canonical\" href=\"https:\/\/hgfhammel.dk\/loeb\/nyheder\/bakketraening-i-ry\/\" \/>\n<meta property=\"og:locale\" content=\"da_DK\" \/>\n<meta property=\"og:type\" content=\"article\" \/>\n<meta property=\"og:title\" content=\"Bakketr\u00e6ning i Ry - L\u00f8b &amp; Motion\" \/>\n<meta property=\"og:description\" content=\"Bakketr\u00e6ning i Ry 7 l\u00f8ber m\u00f8dte op til bakketr\u00e6ning i Ry l\u00f8rdag formiddag. Vejret var super med n\u00e6sten vindstille, skyfrit og ca. 10 gr. Det blev til ca. 15,5 km bakker, 350 h\u00f8jdemeter, og m\u00f8de med vildsvin, Bes\u00f8g ved Hinbjerg Kol, for at se ud over Laven og Ry. Turen var arrangeret af Ole Fogh [&hellip;]\" \/>\n<meta property=\"og:url\" content=\"https:\/\/hgfhammel.dk\/loeb\/nyheder\/bakketraening-i-ry\/\" \/>\n<meta property=\"og:site_name\" content=\"L\u00f8b &amp; Motion\" \/>\n<meta property=\"article:published_time\" content=\"2021-10-17T17:52:09+00:00\" \/>\n<meta property=\"article:modified_time\" content=\"2021-10-17T17:55:10+00:00\" \/>\n<meta property=\"og:image\" content=\"https:\/\/hgfhammel.dk\/loeb\/wp-content\/uploads\/sites\/11\/2021\/10\/79D378FB-0671-4267-AC99-9357FD58590B.jpeg\" \/>\n\t<meta property=\"og:image:width\" content=\"680\" \/>\n\t<meta property=\"og:image:height\" content=\"381\" \/>\n\t<meta property=\"og:image:type\" content=\"image\/jpeg\" \/>\n<meta name=\"author\" content=\"anettekehletjensen\" \/>\n<meta name=\"twitter:card\" content=\"summary_large_image\" \/>\n<meta name=\"twitter:label1\" content=\"Skrevet af\" \/>\n\t<meta name=\"twitter:data1\" content=\"anettekehletjensen\" \/>\n<!-- \/ Yoast SEO plugin. -->","yoast_head_json":{"title":"Bakketr\u00e6ning i Ry - L\u00f8b &amp; Motion","robots":{"index":"index","follow":"follow","max-snippet":"max-snippet:-1","max-image-preview":"max-image-preview:large","max-video-preview":"max-video-preview:-1"},"canonical":"https:\/\/hgfhammel.dk\/loeb\/nyheder\/bakketraening-i-ry\/","og_locale":"da_DK","og_type":"article","og_title":"Bakketr\u00e6ning i Ry - L\u00f8b &amp; Motion","og_description":"Bakketr\u00e6ning i Ry 7 l\u00f8ber m\u00f8dte op til bakketr\u00e6ning i Ry l\u00f8rdag formiddag. Vejret var super med n\u00e6sten vindstille, skyfrit og ca. 10 gr. Det blev til ca. 15,5 km bakker, 350 h\u00f8jdemeter, og m\u00f8de med vildsvin, Bes\u00f8g ved Hinbjerg Kol, for at se ud over Laven og Ry. Turen var arrangeret af Ole Fogh [&hellip;]","og_url":"https:\/\/hgfhammel.dk\/loeb\/nyheder\/bakketraening-i-ry\/","og_site_name":"L\u00f8b &amp; Motion","article_published_time":"2021-10-17T17:52:09+00:00","article_modified_time":"2021-10-17T17:55:10+00:00","og_image":[{"width":680,"height":381,"url":"https:\/\/hgfhammel.dk\/loeb\/wp-content\/uploads\/sites\/11\/2021\/10\/79D378FB-0671-4267-AC99-9357FD58590B.jpeg","type":"image\/jpeg"}],"author":"anettekehletjensen","twitter_card":"summary_large_image","twitter_misc":{"Skrevet af":"anettekehletjensen"},"schema":{"@context":"https:\/\/schema.org","@graph":[{"@type":"WebPage","@id":"https:\/\/hgfhammel.dk\/loeb\/nyheder\/bakketraening-i-ry\/","url":"https:\/\/hgfhammel.dk\/loeb\/nyheder\/bakketraening-i-ry\/","name":"Bakketr\u00e6ning i Ry - L\u00f8b &amp; Motion","isPartOf":{"@id":"https:\/\/hgfhammel.dk\/loeb\/#website"},"datePublished":"2021-10-17T17:52:09+00:00","dateModified":"2021-10-17T17:55:10+00:00","author":{"@id":"https:\/\/hgfhammel.dk\/loeb\/#\/schema\/person\/a6c8e8e0aebad8681bd0324029200fd5"},"breadcrumb":{"@id":"https:\/\/hgfhammel.dk\/loeb\/nyheder\/bakketraening-i-ry\/#breadcrumb"},"inLanguage":"da-DK","potentialAction":[{"@type":"ReadAction","target":["https:\/\/hgfhammel.dk\/loeb\/nyheder\/bakketraening-i-ry\/"]}]},{"@type":"BreadcrumbList","@id":"https:\/\/hgfhammel.dk\/loeb\/nyheder\/bakketraening-i-ry\/#breadcrumb","itemListElement":[{"@type":"ListItem","position":1,"name":"Hjem","item":"https:\/\/hgfhammel.dk\/loeb\/"},{"@type":"ListItem","position":2,"name":"Bakketr\u00e6ning i Ry"}]},{"@type":"WebSite","@id":"https:\/\/hgfhammel.dk\/loeb\/#website","url":"https:\/\/hgfhammel.dk\/loeb\/","name":"L\u00f8b &amp; Motion","description":"L\u00f8b &amp; Motion","potentialAction":[{"@type":"SearchAction","target":{"@type":"EntryPoint","urlTemplate":"https:\/\/hgfhammel.dk\/loeb\/?s={search_term_string}"},"query-input":"required name=search_term_string"}],"inLanguage":"da-DK"},{"@type":"Person","@id":"https:\/\/hgfhammel.dk\/loeb\/#\/schema\/person\/a6c8e8e0aebad8681bd0324029200fd5","name":"anettekehletjensen","image":{"@type":"ImageObject","inLanguage":"da-DK","@id":"https:\/\/hgfhammel.dk\/loeb\/#\/schema\/person\/image\/","url":"https:\/\/secure.gravatar.com\/avatar\/8f17c46a47067880adf8ef0a13b04c18?s=96&d=mm&r=g","contentUrl":"https:\/\/secure.gravatar.com\/avatar\/8f17c46a47067880adf8ef0a13b04c18?s=96&d=mm&r=g","caption":"anettekehletjensen"},"url":"https:\/\/hgfhammel.dk\/loeb\/author\/anettekehletjensen\/"}]}},"_links":{"self":[{"href":"https:\/\/hgfhammel.dk\/loeb\/wp-json\/wp\/v2\/posts\/3855"}],"collection":[{"href":"https:\/\/hgfhammel.dk\/loeb\/wp-json\/wp\/v2\/posts"}],"about":[{"href":"https:\/\/hgfhammel.dk\/loeb\/wp-json\/wp\/v2\/types\/post"}],"author":[{"embeddable":true,"href":"https:\/\/hgfhammel.dk\/loeb\/wp-json\/wp\/v2\/users\/18"}],"replies":[{"embeddable":true,"href":"https:\/\/hgfhammel.dk\/loeb\/wp-json\/wp\/v2\/comments?post=3855"}],"version-history":[{"count":3,"href":"https:\/\/hgfhammel.dk\/loeb\/wp-json\/wp\/v2\/posts\/3855\/revisions"}],"predecessor-version":[{"id":3863,"href":"https:\/\/hgfhammel.dk\/loeb\/wp-json\/wp\/v2\/posts\/3855\/revisions\/3863"}],"wp:featuredmedia":[{"embeddable":true,"href":"https:\/\/hgfhammel.dk\/loeb\/wp-json\/wp\/v2\/media\/3859"}],"wp:attachment":[{"href":"https:\/\/hgfhammel.dk\/loeb\/wp-json\/wp\/v2\/media?parent=3855"}],"wp:term":[{"taxonomy":"category","embeddable":true,"href":"https:\/\/hgfhammel.dk\/loeb\/wp-json\/wp\/v2\/categories?post=3855"},{"taxonomy":"post_tag","embeddable":true,"href":"https:\/\/hgfhammel.dk\/loeb\/wp-json\/wp\/v2\/tags?post=3855"}],"curies":[{"name":"wp","href":"https:\/\/api.w.org\/{rel}","templated":true}]}}