{"id":4042,"date":"2022-07-30T09:33:48","date_gmt":"2022-07-30T07:33:48","guid":{"rendered":"https:\/\/hgfhammel.dk\/loeb\/?p=4042"},"modified":"2022-07-30T09:33:48","modified_gmt":"2022-07-30T07:33:48","slug":"sevilla-marathon-19-februar-2023","status":"publish","type":"post","link":"https:\/\/hgfhammel.dk\/loeb\/nyheder\/sevilla-marathon-19-februar-2023\/","title":{"rendered":"Sevilla Marathon 19 februar 2023"},"content":{"rendered":"<div>Sevilla Marathon 19 februar 2023<\/div>\n<div><\/div>\n<div>Ole Fogh og jeg planl\u00e6gger stadig en tur til Sevilla i februar, hvor der kan l\u00f8bes p\u00e5 en af Europas fladeste Marathon.<\/div>\n<div><\/div>\n<div>Der er mulighed for at l\u00f8be Marathon, v\u00e6re hepper eller bare nyde lidt varme i syd Spanien.<\/p>\n<\/div>\n<div>Vi planl\u00e6gger p\u00e5 at rejse fredag og retur tirsdag, s\u00e5 vi lige har nogle dage i byen.<\/div>\n<div><\/div>\n<div>L\u00f8berne skal selv tilmelde sig l\u00f8bet.<\/div>\n<div><\/div>\n<div>Der vil v\u00e6re et lille f\u00e6lles m\u00f8de i efter\u00e5ret, en s\u00f8ndag efter l\u00f8b.<\/div>\n<div><\/div>\n<div>Lars Julius<\/div>\n","protected":false},"excerpt":{"rendered":"<p>Sevilla Marathon 19 februar 2023 Ole Fogh og jeg planl\u00e6gger stadig en tur til Sevilla i februar, hvor der kan l\u00f8bes p\u00e5 en af Europas fladeste Marathon. Der er mulighed for at l\u00f8be Marathon, v\u00e6re hepper eller bare nyde lidt varme i syd Spanien. Vi planl\u00e6gger p\u00e5 at rejse fredag og retur tirsdag, s\u00e5 vi [&hellip;]<\/p>\n","protected":false},"author":18,"featured_media":4043,"comment_status":"closed","ping_status":"closed","sticky":false,"template":"","format":"standard","meta":{"_et_pb_use_builder":"","_et_pb_old_content":"","_et_gb_content_width":""},"categories":[9],"tags":[],"yoast_head":"<!-- This site is optimized with the Yoast SEO plugin v20.9 - https:\/\/yoast.com\/wordpress\/plugins\/seo\/ -->\n<title>Sevilla Marathon 19 februar 2023 - L\u00f8b &amp; Motion<\/title>\n<meta name=\"robots\" content=\"index, follow, max-snippet:-1, max-image-preview:large, max-video-preview:-1\" \/>\n<link rel=\"canonical\" href=\"https:\/\/hgfhammel.dk\/loeb\/nyheder\/sevilla-marathon-19-februar-2023\/\" \/>\n<meta property=\"og:locale\" content=\"da_DK\" \/>\n<meta property=\"og:type\" content=\"article\" \/>\n<meta property=\"og:title\" content=\"Sevilla Marathon 19 februar 2023 - L\u00f8b &amp; Motion\" \/>\n<meta property=\"og:description\" content=\"Sevilla Marathon 19 februar 2023 Ole Fogh og jeg planl\u00e6gger stadig en tur til Sevilla i februar, hvor der kan l\u00f8bes p\u00e5 en af Europas fladeste Marathon. Der er mulighed for at l\u00f8be Marathon, v\u00e6re hepper eller bare nyde lidt varme i syd Spanien. Vi planl\u00e6gger p\u00e5 at rejse fredag og retur tirsdag, s\u00e5 vi [&hellip;]\" \/>\n<meta property=\"og:url\" content=\"https:\/\/hgfhammel.dk\/loeb\/nyheder\/sevilla-marathon-19-februar-2023\/\" \/>\n<meta property=\"og:site_name\" content=\"L\u00f8b &amp; Motion\" \/>\n<meta property=\"article:published_time\" content=\"2022-07-30T07:33:48+00:00\" \/>\n<meta property=\"og:image\" content=\"https:\/\/hgfhammel.dk\/loeb\/wp-content\/uploads\/sites\/11\/2022\/07\/zms23-slider2.jpeg\" \/>\n\t<meta property=\"og:image:width\" content=\"2000\" \/>\n\t<meta property=\"og:image:height\" content=\"1000\" \/>\n\t<meta property=\"og:image:type\" content=\"image\/jpeg\" \/>\n<meta name=\"author\" content=\"anettekehletjensen\" \/>\n<meta name=\"twitter:card\" content=\"summary_large_image\" \/>\n<meta name=\"twitter:label1\" content=\"Skrevet af\" \/>\n\t<meta name=\"twitter:data1\" content=\"anettekehletjensen\" \/>\n<!-- \/ Yoast SEO plugin. -->","yoast_head_json":{"title":"Sevilla Marathon 19 februar 2023 - L\u00f8b &amp; Motion","robots":{"index":"index","follow":"follow","max-snippet":"max-snippet:-1","max-image-preview":"max-image-preview:large","max-video-preview":"max-video-preview:-1"},"canonical":"https:\/\/hgfhammel.dk\/loeb\/nyheder\/sevilla-marathon-19-februar-2023\/","og_locale":"da_DK","og_type":"article","og_title":"Sevilla Marathon 19 februar 2023 - L\u00f8b &amp; Motion","og_description":"Sevilla Marathon 19 februar 2023 Ole Fogh og jeg planl\u00e6gger stadig en tur til Sevilla i februar, hvor der kan l\u00f8bes p\u00e5 en af Europas fladeste Marathon. Der er mulighed for at l\u00f8be Marathon, v\u00e6re hepper eller bare nyde lidt varme i syd Spanien. Vi planl\u00e6gger p\u00e5 at rejse fredag og retur tirsdag, s\u00e5 vi [&hellip;]","og_url":"https:\/\/hgfhammel.dk\/loeb\/nyheder\/sevilla-marathon-19-februar-2023\/","og_site_name":"L\u00f8b &amp; Motion","article_published_time":"2022-07-30T07:33:48+00:00","og_image":[{"width":2000,"height":1000,"url":"https:\/\/hgfhammel.dk\/loeb\/wp-content\/uploads\/sites\/11\/2022\/07\/zms23-slider2.jpeg","type":"image\/jpeg"}],"author":"anettekehletjensen","twitter_card":"summary_large_image","twitter_misc":{"Skrevet af":"anettekehletjensen"},"schema":{"@context":"https:\/\/schema.org","@graph":[{"@type":"WebPage","@id":"https:\/\/hgfhammel.dk\/loeb\/nyheder\/sevilla-marathon-19-februar-2023\/","url":"https:\/\/hgfhammel.dk\/loeb\/nyheder\/sevilla-marathon-19-februar-2023\/","name":"Sevilla Marathon 19 februar 2023 - L\u00f8b &amp; Motion","isPartOf":{"@id":"https:\/\/hgfhammel.dk\/loeb\/#website"},"datePublished":"2022-07-30T07:33:48+00:00","dateModified":"2022-07-30T07:33:48+00:00","author":{"@id":"https:\/\/hgfhammel.dk\/loeb\/#\/schema\/person\/a6c8e8e0aebad8681bd0324029200fd5"},"breadcrumb":{"@id":"https:\/\/hgfhammel.dk\/loeb\/nyheder\/sevilla-marathon-19-februar-2023\/#breadcrumb"},"inLanguage":"da-DK","potentialAction":[{"@type":"ReadAction","target":["https:\/\/hgfhammel.dk\/loeb\/nyheder\/sevilla-marathon-19-februar-2023\/"]}]},{"@type":"BreadcrumbList","@id":"https:\/\/hgfhammel.dk\/loeb\/nyheder\/sevilla-marathon-19-februar-2023\/#breadcrumb","itemListElement":[{"@type":"ListItem","position":1,"name":"Hjem","item":"https:\/\/hgfhammel.dk\/loeb\/"},{"@type":"ListItem","position":2,"name":"Sevilla Marathon 19 februar 2023"}]},{"@type":"WebSite","@id":"https:\/\/hgfhammel.dk\/loeb\/#website","url":"https:\/\/hgfhammel.dk\/loeb\/","name":"L\u00f8b &amp; Motion","description":"L\u00f8b &amp; Motion","potentialAction":[{"@type":"SearchAction","target":{"@type":"EntryPoint","urlTemplate":"https:\/\/hgfhammel.dk\/loeb\/?s={search_term_string}"},"query-input":"required name=search_term_string"}],"inLanguage":"da-DK"},{"@type":"Person","@id":"https:\/\/hgfhammel.dk\/loeb\/#\/schema\/person\/a6c8e8e0aebad8681bd0324029200fd5","name":"anettekehletjensen","image":{"@type":"ImageObject","inLanguage":"da-DK","@id":"https:\/\/hgfhammel.dk\/loeb\/#\/schema\/person\/image\/","url":"https:\/\/secure.gravatar.com\/avatar\/8f17c46a47067880adf8ef0a13b04c18?s=96&d=mm&r=g","contentUrl":"https:\/\/secure.gravatar.com\/avatar\/8f17c46a47067880adf8ef0a13b04c18?s=96&d=mm&r=g","caption":"anettekehletjensen"},"url":"https:\/\/hgfhammel.dk\/loeb\/author\/anettekehletjensen\/"}]}},"_links":{"self":[{"href":"https:\/\/hgfhammel.dk\/loeb\/wp-json\/wp\/v2\/posts\/4042"}],"collection":[{"href":"https:\/\/hgfhammel.dk\/loeb\/wp-json\/wp\/v2\/posts"}],"about":[{"href":"https:\/\/hgfhammel.dk\/loeb\/wp-json\/wp\/v2\/types\/post"}],"author":[{"embeddable":true,"href":"https:\/\/hgfhammel.dk\/loeb\/wp-json\/wp\/v2\/users\/18"}],"replies":[{"embeddable":true,"href":"https:\/\/hgfhammel.dk\/loeb\/wp-json\/wp\/v2\/comments?post=4042"}],"version-history":[{"count":1,"href":"https:\/\/hgfhammel.dk\/loeb\/wp-json\/wp\/v2\/posts\/4042\/revisions"}],"predecessor-version":[{"id":4044,"href":"https:\/\/hgfhammel.dk\/loeb\/wp-json\/wp\/v2\/posts\/4042\/revisions\/4044"}],"wp:featuredmedia":[{"embeddable":true,"href":"https:\/\/hgfhammel.dk\/loeb\/wp-json\/wp\/v2\/media\/4043"}],"wp:attachment":[{"href":"https:\/\/hgfhammel.dk\/loeb\/wp-json\/wp\/v2\/media?parent=4042"}],"wp:term":[{"taxonomy":"category","embeddable":true,"href":"https:\/\/hgfhammel.dk\/loeb\/wp-json\/wp\/v2\/categories?post=4042"},{"taxonomy":"post_tag","embeddable":true,"href":"https:\/\/hgfhammel.dk\/loeb\/wp-json\/wp\/v2\/tags?post=4042"}],"curies":[{"name":"wp","href":"https:\/\/api.w.org\/{rel}","templated":true}]}}