{"id":4049,"date":"2022-08-20T14:19:43","date_gmt":"2022-08-20T12:19:43","guid":{"rendered":"https:\/\/hgfhammel.dk\/loeb\/?p=4049"},"modified":"2022-08-20T14:19:43","modified_gmt":"2022-08-20T12:19:43","slug":"blokhus-%c2%bd-og-hel-marathon","status":"publish","type":"post","link":"https:\/\/hgfhammel.dk\/loeb\/nyheder\/blokhus-%c2%bd-og-hel-marathon\/","title":{"rendered":"Blokhus \u00bd og hel marathon"},"content":{"rendered":"<div>S\u00f8ndag d. 7. august var 4 HGF l\u00f8ber klar til start i Blokhus, der var l\u00f8ber p\u00e5 marathon og \u00bd marathon distancen.<\/div>\n<div><\/div>\n<div>Marathon startede koldt, v\u00e5dt og bl\u00e6sende, men vejret blev lidt bedre efter de f\u00f8rste runder, da regnen stoppede.<\/div>\n<div><\/div>\n<div>\u00bd marathon l\u00f8berne startede derfor i koldt og bl\u00e6sende vejr.<\/div>\n<div><\/div>\n<div>Blokhus er normalt en flot rute, i gennem sommerhus omr\u00e5det, stranden og klitter, i \u00e5r bare lidt kold og v\u00e5dt.<\/div>\n<div><\/div>\n<div>Marathon l\u00f8berne<\/div>\n<div><\/div>\n<div>Lars Simonsen<\/div>\n<div>Lars Julius<\/div>\n<div><\/div>\n<div>\u00bd marathon l\u00f8berne<\/div>\n<div><\/div>\n<div>Lars Vilhemsen<\/div>\n<div>Reda Grazinskiene<\/p>\n<div style=\"clear: both;\"><\/div>\n<\/div>\n<div>Link til Blokhus marathon:\u00a0<a href=\"https:\/\/www.sportstiming.dk\/event\/10021\/results?round=48415&amp;page=1\">https:\/\/www.sportstiming.dk\/event\/10021\/results?round=48415&amp;page=1<\/a><\/div>\n","protected":false},"excerpt":{"rendered":"<p>S\u00f8ndag d. 7. august var 4 HGF l\u00f8ber klar til start i Blokhus, der var l\u00f8ber p\u00e5 marathon og \u00bd marathon distancen. Marathon startede koldt, v\u00e5dt og bl\u00e6sende, men vejret blev lidt bedre efter de f\u00f8rste runder, da regnen stoppede. \u00bd marathon l\u00f8berne startede derfor i koldt og bl\u00e6sende vejr. Blokhus er normalt en flot [&hellip;]<\/p>\n","protected":false},"author":18,"featured_media":4050,"comment_status":"closed","ping_status":"closed","sticky":false,"template":"","format":"standard","meta":{"_et_pb_use_builder":"","_et_pb_old_content":"","_et_gb_content_width":""},"categories":[9],"tags":[],"yoast_head":"<!-- This site is optimized with the Yoast SEO plugin v20.9 - https:\/\/yoast.com\/wordpress\/plugins\/seo\/ -->\n<title>Blokhus \u00bd og hel marathon - L\u00f8b &amp; Motion<\/title>\n<meta name=\"robots\" content=\"index, follow, max-snippet:-1, max-image-preview:large, max-video-preview:-1\" \/>\n<link rel=\"canonical\" href=\"https:\/\/hgfhammel.dk\/loeb\/nyheder\/blokhus-\u00bd-og-hel-marathon\/\" \/>\n<meta property=\"og:locale\" content=\"da_DK\" \/>\n<meta property=\"og:type\" content=\"article\" \/>\n<meta property=\"og:title\" content=\"Blokhus \u00bd og hel marathon - L\u00f8b &amp; Motion\" \/>\n<meta property=\"og:description\" content=\"S\u00f8ndag d. 7. august var 4 HGF l\u00f8ber klar til start i Blokhus, der var l\u00f8ber p\u00e5 marathon og \u00bd marathon distancen. Marathon startede koldt, v\u00e5dt og bl\u00e6sende, men vejret blev lidt bedre efter de f\u00f8rste runder, da regnen stoppede. \u00bd marathon l\u00f8berne startede derfor i koldt og bl\u00e6sende vejr. Blokhus er normalt en flot [&hellip;]\" \/>\n<meta property=\"og:url\" content=\"https:\/\/hgfhammel.dk\/loeb\/nyheder\/blokhus-\u00bd-og-hel-marathon\/\" \/>\n<meta property=\"og:site_name\" content=\"L\u00f8b &amp; Motion\" \/>\n<meta property=\"article:published_time\" content=\"2022-08-20T12:19:43+00:00\" \/>\n<meta property=\"og:image\" content=\"https:\/\/hgfhammel.dk\/loeb\/wp-content\/uploads\/sites\/11\/2022\/08\/ED6D96EB-F497-4C62-B1D4-F5212551EC97-scaled.jpeg\" \/>\n\t<meta property=\"og:image:width\" content=\"1615\" \/>\n\t<meta property=\"og:image:height\" content=\"2560\" \/>\n\t<meta property=\"og:image:type\" content=\"image\/jpeg\" \/>\n<meta name=\"author\" content=\"anettekehletjensen\" \/>\n<meta name=\"twitter:card\" content=\"summary_large_image\" \/>\n<meta name=\"twitter:label1\" content=\"Skrevet af\" \/>\n\t<meta name=\"twitter:data1\" content=\"anettekehletjensen\" \/>\n\t<meta name=\"twitter:label2\" content=\"Estimeret l\u00e6setid\" \/>\n\t<meta name=\"twitter:data2\" content=\"1 minut\" \/>\n<!-- \/ Yoast SEO plugin. -->","yoast_head_json":{"title":"Blokhus \u00bd og hel marathon - L\u00f8b &amp; Motion","robots":{"index":"index","follow":"follow","max-snippet":"max-snippet:-1","max-image-preview":"max-image-preview:large","max-video-preview":"max-video-preview:-1"},"canonical":"https:\/\/hgfhammel.dk\/loeb\/nyheder\/blokhus-\u00bd-og-hel-marathon\/","og_locale":"da_DK","og_type":"article","og_title":"Blokhus \u00bd og hel marathon - L\u00f8b &amp; Motion","og_description":"S\u00f8ndag d. 7. august var 4 HGF l\u00f8ber klar til start i Blokhus, der var l\u00f8ber p\u00e5 marathon og \u00bd marathon distancen. Marathon startede koldt, v\u00e5dt og bl\u00e6sende, men vejret blev lidt bedre efter de f\u00f8rste runder, da regnen stoppede. \u00bd marathon l\u00f8berne startede derfor i koldt og bl\u00e6sende vejr. Blokhus er normalt en flot [&hellip;]","og_url":"https:\/\/hgfhammel.dk\/loeb\/nyheder\/blokhus-\u00bd-og-hel-marathon\/","og_site_name":"L\u00f8b &amp; Motion","article_published_time":"2022-08-20T12:19:43+00:00","og_image":[{"width":1615,"height":2560,"url":"https:\/\/hgfhammel.dk\/loeb\/wp-content\/uploads\/sites\/11\/2022\/08\/ED6D96EB-F497-4C62-B1D4-F5212551EC97-scaled.jpeg","type":"image\/jpeg"}],"author":"anettekehletjensen","twitter_card":"summary_large_image","twitter_misc":{"Skrevet af":"anettekehletjensen","Estimeret l\u00e6setid":"1 minut"},"schema":{"@context":"https:\/\/schema.org","@graph":[{"@type":"WebPage","@id":"https:\/\/hgfhammel.dk\/loeb\/nyheder\/blokhus-%c2%bd-og-hel-marathon\/","url":"https:\/\/hgfhammel.dk\/loeb\/nyheder\/blokhus-%c2%bd-og-hel-marathon\/","name":"Blokhus \u00bd og hel marathon - L\u00f8b &amp; Motion","isPartOf":{"@id":"https:\/\/hgfhammel.dk\/loeb\/#website"},"datePublished":"2022-08-20T12:19:43+00:00","dateModified":"2022-08-20T12:19:43+00:00","author":{"@id":"https:\/\/hgfhammel.dk\/loeb\/#\/schema\/person\/a6c8e8e0aebad8681bd0324029200fd5"},"breadcrumb":{"@id":"https:\/\/hgfhammel.dk\/loeb\/nyheder\/blokhus-%c2%bd-og-hel-marathon\/#breadcrumb"},"inLanguage":"da-DK","potentialAction":[{"@type":"ReadAction","target":["https:\/\/hgfhammel.dk\/loeb\/nyheder\/blokhus-%c2%bd-og-hel-marathon\/"]}]},{"@type":"BreadcrumbList","@id":"https:\/\/hgfhammel.dk\/loeb\/nyheder\/blokhus-%c2%bd-og-hel-marathon\/#breadcrumb","itemListElement":[{"@type":"ListItem","position":1,"name":"Hjem","item":"https:\/\/hgfhammel.dk\/loeb\/"},{"@type":"ListItem","position":2,"name":"Blokhus \u00bd og hel marathon"}]},{"@type":"WebSite","@id":"https:\/\/hgfhammel.dk\/loeb\/#website","url":"https:\/\/hgfhammel.dk\/loeb\/","name":"L\u00f8b &amp; Motion","description":"L\u00f8b &amp; Motion","potentialAction":[{"@type":"SearchAction","target":{"@type":"EntryPoint","urlTemplate":"https:\/\/hgfhammel.dk\/loeb\/?s={search_term_string}"},"query-input":"required name=search_term_string"}],"inLanguage":"da-DK"},{"@type":"Person","@id":"https:\/\/hgfhammel.dk\/loeb\/#\/schema\/person\/a6c8e8e0aebad8681bd0324029200fd5","name":"anettekehletjensen","image":{"@type":"ImageObject","inLanguage":"da-DK","@id":"https:\/\/hgfhammel.dk\/loeb\/#\/schema\/person\/image\/","url":"https:\/\/secure.gravatar.com\/avatar\/8f17c46a47067880adf8ef0a13b04c18?s=96&d=mm&r=g","contentUrl":"https:\/\/secure.gravatar.com\/avatar\/8f17c46a47067880adf8ef0a13b04c18?s=96&d=mm&r=g","caption":"anettekehletjensen"},"url":"https:\/\/hgfhammel.dk\/loeb\/author\/anettekehletjensen\/"}]}},"_links":{"self":[{"href":"https:\/\/hgfhammel.dk\/loeb\/wp-json\/wp\/v2\/posts\/4049"}],"collection":[{"href":"https:\/\/hgfhammel.dk\/loeb\/wp-json\/wp\/v2\/posts"}],"about":[{"href":"https:\/\/hgfhammel.dk\/loeb\/wp-json\/wp\/v2\/types\/post"}],"author":[{"embeddable":true,"href":"https:\/\/hgfhammel.dk\/loeb\/wp-json\/wp\/v2\/users\/18"}],"replies":[{"embeddable":true,"href":"https:\/\/hgfhammel.dk\/loeb\/wp-json\/wp\/v2\/comments?post=4049"}],"version-history":[{"count":2,"href":"https:\/\/hgfhammel.dk\/loeb\/wp-json\/wp\/v2\/posts\/4049\/revisions"}],"predecessor-version":[{"id":4052,"href":"https:\/\/hgfhammel.dk\/loeb\/wp-json\/wp\/v2\/posts\/4049\/revisions\/4052"}],"wp:featuredmedia":[{"embeddable":true,"href":"https:\/\/hgfhammel.dk\/loeb\/wp-json\/wp\/v2\/media\/4050"}],"wp:attachment":[{"href":"https:\/\/hgfhammel.dk\/loeb\/wp-json\/wp\/v2\/media?parent=4049"}],"wp:term":[{"taxonomy":"category","embeddable":true,"href":"https:\/\/hgfhammel.dk\/loeb\/wp-json\/wp\/v2\/categories?post=4049"},{"taxonomy":"post_tag","embeddable":true,"href":"https:\/\/hgfhammel.dk\/loeb\/wp-json\/wp\/v2\/tags?post=4049"}],"curies":[{"name":"wp","href":"https:\/\/api.w.org\/{rel}","templated":true}]}}