{"id":1255,"date":"2019-05-17T11:18:51","date_gmt":"2019-05-17T09:18:51","guid":{"rendered":"https:\/\/hgfhammel.dk\/motionungeaeldre\/?p=1255"},"modified":"2019-05-17T11:21:37","modified_gmt":"2019-05-17T09:21:37","slug":"gymnastikafslutning-i-unge-aeldre","status":"publish","type":"post","link":"https:\/\/hgfhammel.dk\/motionungeaeldre\/nyheder\/gymnastikafslutning-i-unge-aeldre\/","title":{"rendered":"Gymnastikafslutning i Unge \u00c6ldre"},"content":{"rendered":"<p>S\u00e5 har vi haft gymnastikafslutning i Unge \u00c6ldre &#8211; torsdag den 25. april 2019.<br \/>\nI den anledning havde vi allieret os med Anne Vils M\u00f8ller fra gymnastikafdelingen.<\/p>\n<p>Anne er instrukt\u00f8r i pilates, og det pr\u00e6senterede hun os for. Og som det fremg\u00e5r af billedet fra Arenaen, var det ganske afslappende.<br \/>\nSjovt at pr\u00f8ve noget helt andet. Og stor tak til Anne.<\/p>\n<p>Og s\u00e5 sluttede vi dagen med hyggelig f\u00e6llesspisning.<\/p>\n<p><img decoding=\"async\" loading=\"lazy\" class=\"alignnone size-medium wp-image-1257\" src=\"https:\/\/hgfhammel.dk\/motionungeaeldre\/wp-content\/uploads\/sites\/13\/2019\/05\/IMG_2757-e1558084633777-225x300.jpg\" alt=\"\" width=\"225\" height=\"300\" srcset=\"https:\/\/hgfhammel.dk\/motionungeaeldre\/wp-content\/uploads\/sites\/13\/2019\/05\/IMG_2757-e1558084633777-225x300.jpg 225w, https:\/\/hgfhammel.dk\/motionungeaeldre\/wp-content\/uploads\/sites\/13\/2019\/05\/IMG_2757-e1558084633777.jpg 480w\" sizes=\"(max-width: 225px) 100vw, 225px\" \/><img decoding=\"async\" loading=\"lazy\" class=\"alignnone size-medium wp-image-1258\" src=\"https:\/\/hgfhammel.dk\/motionungeaeldre\/wp-content\/uploads\/sites\/13\/2019\/05\/IMG_2758-e1558084665357-225x300.jpg\" alt=\"\" width=\"225\" height=\"300\" srcset=\"https:\/\/hgfhammel.dk\/motionungeaeldre\/wp-content\/uploads\/sites\/13\/2019\/05\/IMG_2758-e1558084665357-225x300.jpg 225w, https:\/\/hgfhammel.dk\/motionungeaeldre\/wp-content\/uploads\/sites\/13\/2019\/05\/IMG_2758-e1558084665357.jpg 480w\" sizes=\"(max-width: 225px) 100vw, 225px\" \/><img decoding=\"async\" loading=\"lazy\" class=\"alignnone size-medium wp-image-1259\" src=\"https:\/\/hgfhammel.dk\/motionungeaeldre\/wp-content\/uploads\/sites\/13\/2019\/05\/IMG_2760-e1558084694391-225x300.jpg\" alt=\"\" width=\"225\" height=\"300\" srcset=\"https:\/\/hgfhammel.dk\/motionungeaeldre\/wp-content\/uploads\/sites\/13\/2019\/05\/IMG_2760-e1558084694391-225x300.jpg 225w, https:\/\/hgfhammel.dk\/motionungeaeldre\/wp-content\/uploads\/sites\/13\/2019\/05\/IMG_2760-e1558084694391.jpg 480w\" sizes=\"(max-width: 225px) 100vw, 225px\" \/><img decoding=\"async\" loading=\"lazy\" class=\"alignnone size-medium wp-image-1256\" src=\"https:\/\/hgfhammel.dk\/motionungeaeldre\/wp-content\/uploads\/sites\/13\/2019\/05\/IMG_2751-e1558084721130-225x300.jpg\" alt=\"\" width=\"225\" height=\"300\" \/><\/p>\n","protected":false},"excerpt":{"rendered":"<p>S\u00e5 har vi haft gymnastikafslutning i Unge \u00c6ldre &#8211; torsdag den 25. april 2019. I den anledning havde vi allieret os med Anne Vils M\u00f8ller fra gymnastikafdelingen. Anne er instrukt\u00f8r i pilates, og det pr\u00e6senterede hun os for. Og som det fremg\u00e5r af billedet fra Arenaen, var det ganske afslappende. Sjovt at pr\u00f8ve noget helt [&hellip;]<\/p>\n","protected":false},"author":19,"featured_media":1256,"comment_status":"closed","ping_status":"closed","sticky":false,"template":"","format":"standard","meta":{"_et_pb_use_builder":"","_et_pb_old_content":"","_et_gb_content_width":""},"categories":[9],"tags":[],"yoast_head":"<!-- This site is optimized with the Yoast SEO plugin v20.9 - https:\/\/yoast.com\/wordpress\/plugins\/seo\/ -->\n<title>Gymnastikafslutning i Unge \u00c6ldre - Motion &quot;unge \u00e6ldre&quot;<\/title>\n<meta name=\"robots\" content=\"index, follow, max-snippet:-1, max-image-preview:large, max-video-preview:-1\" \/>\n<link rel=\"canonical\" href=\"https:\/\/hgfhammel.dk\/motionungeaeldre\/nyheder\/gymnastikafslutning-i-unge-aeldre\/\" \/>\n<meta property=\"og:locale\" content=\"da_DK\" \/>\n<meta property=\"og:type\" content=\"article\" \/>\n<meta property=\"og:title\" content=\"Gymnastikafslutning i Unge \u00c6ldre - Motion &quot;unge \u00e6ldre&quot;\" \/>\n<meta property=\"og:description\" content=\"S\u00e5 har vi haft gymnastikafslutning i Unge \u00c6ldre &#8211; torsdag den 25. april 2019. I den anledning havde vi allieret os med Anne Vils M\u00f8ller fra gymnastikafdelingen. Anne er instrukt\u00f8r i pilates, og det pr\u00e6senterede hun os for. Og som det fremg\u00e5r af billedet fra Arenaen, var det ganske afslappende. Sjovt at pr\u00f8ve noget helt [&hellip;]\" \/>\n<meta property=\"og:url\" content=\"https:\/\/hgfhammel.dk\/motionungeaeldre\/nyheder\/gymnastikafslutning-i-unge-aeldre\/\" \/>\n<meta property=\"og:site_name\" content=\"Motion &quot;unge \u00e6ldre&quot;\" \/>\n<meta property=\"article:published_time\" content=\"2019-05-17T09:18:51+00:00\" \/>\n<meta property=\"article:modified_time\" content=\"2019-05-17T09:21:37+00:00\" \/>\n<meta property=\"og:image\" content=\"https:\/\/hgfhammel.dk\/motionungeaeldre\/wp-content\/uploads\/sites\/13\/2019\/05\/IMG_2751-e1558084887654.jpg\" \/>\n\t<meta property=\"og:image:width\" content=\"380\" \/>\n\t<meta property=\"og:image:height\" content=\"507\" \/>\n\t<meta property=\"og:image:type\" content=\"image\/jpeg\" \/>\n<meta name=\"author\" content=\"leneskouborg\" \/>\n<meta name=\"twitter:card\" content=\"summary_large_image\" \/>\n<meta name=\"twitter:label1\" content=\"Skrevet af\" \/>\n\t<meta name=\"twitter:data1\" content=\"leneskouborg\" \/>\n<!-- \/ Yoast SEO plugin. -->","yoast_head_json":{"title":"Gymnastikafslutning i Unge \u00c6ldre - Motion &quot;unge \u00e6ldre&quot;","robots":{"index":"index","follow":"follow","max-snippet":"max-snippet:-1","max-image-preview":"max-image-preview:large","max-video-preview":"max-video-preview:-1"},"canonical":"https:\/\/hgfhammel.dk\/motionungeaeldre\/nyheder\/gymnastikafslutning-i-unge-aeldre\/","og_locale":"da_DK","og_type":"article","og_title":"Gymnastikafslutning i Unge \u00c6ldre - Motion &quot;unge \u00e6ldre&quot;","og_description":"S\u00e5 har vi haft gymnastikafslutning i Unge \u00c6ldre &#8211; torsdag den 25. april 2019. I den anledning havde vi allieret os med Anne Vils M\u00f8ller fra gymnastikafdelingen. Anne er instrukt\u00f8r i pilates, og det pr\u00e6senterede hun os for. Og som det fremg\u00e5r af billedet fra Arenaen, var det ganske afslappende. Sjovt at pr\u00f8ve noget helt [&hellip;]","og_url":"https:\/\/hgfhammel.dk\/motionungeaeldre\/nyheder\/gymnastikafslutning-i-unge-aeldre\/","og_site_name":"Motion &quot;unge \u00e6ldre&quot;","article_published_time":"2019-05-17T09:18:51+00:00","article_modified_time":"2019-05-17T09:21:37+00:00","og_image":[{"width":380,"height":507,"url":"https:\/\/hgfhammel.dk\/motionungeaeldre\/wp-content\/uploads\/sites\/13\/2019\/05\/IMG_2751-e1558084887654.jpg","type":"image\/jpeg"}],"author":"leneskouborg","twitter_card":"summary_large_image","twitter_misc":{"Skrevet af":"leneskouborg"},"schema":{"@context":"https:\/\/schema.org","@graph":[{"@type":"WebPage","@id":"https:\/\/hgfhammel.dk\/motionungeaeldre\/nyheder\/gymnastikafslutning-i-unge-aeldre\/","url":"https:\/\/hgfhammel.dk\/motionungeaeldre\/nyheder\/gymnastikafslutning-i-unge-aeldre\/","name":"Gymnastikafslutning i Unge \u00c6ldre - Motion &quot;unge \u00e6ldre&quot;","isPartOf":{"@id":"https:\/\/hgfhammel.dk\/motionungeaeldre\/#website"},"datePublished":"2019-05-17T09:18:51+00:00","dateModified":"2019-05-17T09:21:37+00:00","author":{"@id":"https:\/\/hgfhammel.dk\/motionungeaeldre\/#\/schema\/person\/9be425adbc11015ce13f44070cca2dbb"},"breadcrumb":{"@id":"https:\/\/hgfhammel.dk\/motionungeaeldre\/nyheder\/gymnastikafslutning-i-unge-aeldre\/#breadcrumb"},"inLanguage":"da-DK","potentialAction":[{"@type":"ReadAction","target":["https:\/\/hgfhammel.dk\/motionungeaeldre\/nyheder\/gymnastikafslutning-i-unge-aeldre\/"]}]},{"@type":"BreadcrumbList","@id":"https:\/\/hgfhammel.dk\/motionungeaeldre\/nyheder\/gymnastikafslutning-i-unge-aeldre\/#breadcrumb","itemListElement":[{"@type":"ListItem","position":1,"name":"Hjem","item":"https:\/\/hgfhammel.dk\/motionungeaeldre\/"},{"@type":"ListItem","position":2,"name":"Gymnastikafslutning i Unge \u00c6ldre"}]},{"@type":"WebSite","@id":"https:\/\/hgfhammel.dk\/motionungeaeldre\/#website","url":"https:\/\/hgfhammel.dk\/motionungeaeldre\/","name":"Motion &quot;unge \u00e6ldre&quot;","description":"Motion &quot;unge \u00e6ldre&quot;","potentialAction":[{"@type":"SearchAction","target":{"@type":"EntryPoint","urlTemplate":"https:\/\/hgfhammel.dk\/motionungeaeldre\/?s={search_term_string}"},"query-input":"required name=search_term_string"}],"inLanguage":"da-DK"},{"@type":"Person","@id":"https:\/\/hgfhammel.dk\/motionungeaeldre\/#\/schema\/person\/9be425adbc11015ce13f44070cca2dbb","name":"leneskouborg","image":{"@type":"ImageObject","inLanguage":"da-DK","@id":"https:\/\/hgfhammel.dk\/motionungeaeldre\/#\/schema\/person\/image\/","url":"https:\/\/secure.gravatar.com\/avatar\/f22dd6480b254ff941cafd44d559e26f?s=96&d=mm&r=g","contentUrl":"https:\/\/secure.gravatar.com\/avatar\/f22dd6480b254ff941cafd44d559e26f?s=96&d=mm&r=g","caption":"leneskouborg"},"url":"https:\/\/hgfhammel.dk\/motionungeaeldre\/author\/leneskouborg\/"}]}},"_links":{"self":[{"href":"https:\/\/hgfhammel.dk\/motionungeaeldre\/wp-json\/wp\/v2\/posts\/1255"}],"collection":[{"href":"https:\/\/hgfhammel.dk\/motionungeaeldre\/wp-json\/wp\/v2\/posts"}],"about":[{"href":"https:\/\/hgfhammel.dk\/motionungeaeldre\/wp-json\/wp\/v2\/types\/post"}],"author":[{"embeddable":true,"href":"https:\/\/hgfhammel.dk\/motionungeaeldre\/wp-json\/wp\/v2\/users\/19"}],"replies":[{"embeddable":true,"href":"https:\/\/hgfhammel.dk\/motionungeaeldre\/wp-json\/wp\/v2\/comments?post=1255"}],"version-history":[{"count":0,"href":"https:\/\/hgfhammel.dk\/motionungeaeldre\/wp-json\/wp\/v2\/posts\/1255\/revisions"}],"wp:featuredmedia":[{"embeddable":true,"href":"https:\/\/hgfhammel.dk\/motionungeaeldre\/wp-json\/wp\/v2\/media\/1256"}],"wp:attachment":[{"href":"https:\/\/hgfhammel.dk\/motionungeaeldre\/wp-json\/wp\/v2\/media?parent=1255"}],"wp:term":[{"taxonomy":"category","embeddable":true,"href":"https:\/\/hgfhammel.dk\/motionungeaeldre\/wp-json\/wp\/v2\/categories?post=1255"},{"taxonomy":"post_tag","embeddable":true,"href":"https:\/\/hgfhammel.dk\/motionungeaeldre\/wp-json\/wp\/v2\/tags?post=1255"}],"curies":[{"name":"wp","href":"https:\/\/api.w.org\/{rel}","templated":true}]}}